{"id":189253,"date":"2024-02-29T21:01:42","date_gmt":"2024-02-29T20:01:42","guid":{"rendered":"https:\/\/www.messinaoggi.it\/website\/2024\/02\/29\/arico-la-sicilia-e-una-delle-regioni-piu-cablate-deuropa\/"},"modified":"2024-02-29T21:01:42","modified_gmt":"2024-02-29T20:01:42","slug":"arico-la-sicilia-e-una-delle-regioni-piu-cablate-deuropa","status":"publish","type":"post","link":"https:\/\/www.messinaoggi.it\/website\/2024\/02\/29\/arico-la-sicilia-e-una-delle-regioni-piu-cablate-deuropa\/","title":{"rendered":"Aric\u00f2 &#8220;La Sicilia \u00e8 una delle regioni pi\u00f9 cablate d&#8217;Europa&#8221;"},"content":{"rendered":"<div id=\"div-gpt-ad-Messinaoggi.it-DSK-300x250-corpoart\" style=\"text-align:center;margin:0 auto;\"><\/div><\/p><div id=\"videoincontent\" style=\"clear:both\";><\/div>","protected":false},"excerpt":{"rendered":"","protected":false},"author":16,"featured_media":189254,"comment_status":"open","ping_status":"open","sticky":false,"template":"","format":"standard","meta":{"ub_ctt_via":"","_mi_skip_tracking":false},"categories":[784,785],"tags":[783],"featured_image_src":"https:\/\/www.messinaoggi.it\/website\/wp-content\/uploads\/2024\/02\/DPKn.jpg","author_info":{"display_name":"Red Messina","author_link":"https:\/\/www.messinaoggi.it\/website\/author\/red-messina\/"},"digistream_id":0,"digistream":false,"_links":{"self":[{"href":"https:\/\/www.messinaoggi.it\/website\/wp-json\/wp\/v2\/posts\/189253"}],"collection":[{"href":"https:\/\/www.messinaoggi.it\/website\/wp-json\/wp\/v2\/posts"}],"about":[{"href":"https:\/\/www.messinaoggi.it\/website\/wp-json\/wp\/v2\/types\/post"}],"author":[{"embeddable":true,"href":"https:\/\/www.messinaoggi.it\/website\/wp-json\/wp\/v2\/users\/16"}],"replies":[{"embeddable":true,"href":"https:\/\/www.messinaoggi.it\/website\/wp-json\/wp\/v2\/comments?post=189253"}],"version-history":[{"count":0,"href":"https:\/\/www.messinaoggi.it\/website\/wp-json\/wp\/v2\/posts\/189253\/revisions"}],"wp:featuredmedia":[{"embeddable":true,"href":"https:\/\/www.messinaoggi.it\/website\/wp-json\/wp\/v2\/media\/189254"}],"wp:attachment":[{"href":"https:\/\/www.messinaoggi.it\/website\/wp-json\/wp\/v2\/media?parent=189253"}],"wp:term":[{"taxonomy":"category","embeddable":true,"href":"https:\/\/www.messinaoggi.it\/website\/wp-json\/wp\/v2\/categories?post=189253"},{"taxonomy":"post_tag","embeddable":true,"href":"https:\/\/www.messinaoggi.it\/website\/wp-json\/wp\/v2\/tags?post=189253"}],"curies":[{"name":"wp","href":"https:\/\/api.w.org\/{rel}","templated":true}]}}