{"id":189242,"date":"2024-02-29T19:07:59","date_gmt":"2024-02-29T18:07:59","guid":{"rendered":"https:\/\/www.messinaoggi.it\/website\/2024\/02\/29\/europee-schlein-il-pse-unico-argine-allavanzata-delle-destre\/"},"modified":"2024-02-29T19:07:59","modified_gmt":"2024-02-29T18:07:59","slug":"europee-schlein-il-pse-unico-argine-allavanzata-delle-destre","status":"publish","type":"post","link":"https:\/\/www.messinaoggi.it\/website\/2024\/02\/29\/europee-schlein-il-pse-unico-argine-allavanzata-delle-destre\/","title":{"rendered":"Europee, Schlein \u201cIl Pse unico argine all\u2019avanzata delle destre\u201d"},"content":{"rendered":"<div>ROMA (ITALPRESS) &#8211; Parte da Roma la campagna elettorale dei socialisti europei per le elezioni di giugno 2024: sabato previsto il congresso del Pse.<br \/>&#8220;Siamo onorati di poter ospitare questo congresso elettorale del Pse, \u00e8 una grande gioia e responsabilit\u00e0, altri hanno portato in Italia gli amici di Putin, gli euroscettici, noi portiamo in Italia gli amici dell&#8217;Europa, per noi la giustizia sociale passa dalla coesione europea. Ci stiamo battendo per tirare fuori l&#8217;Italia dall&#8217;isolamento dove ci sta portando Giorgia Meloni, abbiamo visto piegare la testa a questo governo quando si doveva difendere l&#8217;interesse nazionale, vediamo il governo succube degli alleati nazionalisti. Il Pse \u00e8 l&#8217;unico argine contro l&#8217;avanzata delle destre&#8221;, ha detto la segretaria del Partito Democratico, Elly Schlein, nel corso della conferenza stampa di presentazione del congresso.<br \/>&#8220;Da questa parte c&#8217;\u00e8 una famiglia vera che sta insieme per scelta e non per costrizione, che sta insieme attorno a valori e battaglie condivise. Lavoriamo per una Europa delle riforme, per la giustizia sociale, un lavoro di qualit\u00e0 e la transizione energetica e dall&#8217;Italia deve ripartire questo riscatto&#8221;, ha proseguito.<br \/>Pi\u00f9 di mille le persone accreditate, 500 i delegati in arrivo da tutta Europa, 150 giovani socialisti europei, pi\u00f9 di 100 giornalisti internazionali accreditati, sono i numeri del congresso che si svolger\u00e0 a partire da sabato mattina alla Nuvola di Fuksas.<br \/>&#8220;La decisione di chiedere al Pd di ospitare questo congresso non \u00e8 nata ieri, l&#8217;abbiamo presa quasi all&#8217;indomani delle elezione della nuova segreteria &#8211; le parole di  Giacomo Filibeck, segretario generale del Pse -. Il Pd \u00e8 impegnato a difendere i valori della famiglia socialista europea e tutto il Pse \u00e8 convinto che il partito guidato da Elly Schlein possa rappresentare l&#8217;alternativa al governo di destra, in Europa avremmo bisogno di un governo diverso&#8221;.<br \/>Il congresso \u00e8 chiamato a votare il candidato alla presidenza della Commissione europea, unico nome in corsa quello di Nicolas Schmit.<br \/>&#8220;Siamo convinti che la battaglia che tutti saranno chiamati a combattere in Europa \u00e8 quella che stiamo combattendo anche qui con la nuova segretaria e i risultati li stiamo ottenendo &#8211; ha spiegato Peppe Provenzano, responsabile Esteri del PD -. Oltre alla scelta del candidato si adotter\u00e0 il manifesto base comune di battaglia per le prossime elezioni, una battaglia per l&#8217;Europa che vogliamo che non \u00e8 quella di oggi ma pi\u00f9 sociale, pi\u00f9 democratica. Diversi momenti ci accompagneranno al congresso di sabato: domani renderemo omaggio al monumento che ricorda Giacomo Matteotti e poi nella mattinata ci sar\u00e0 al Nazareno la presidenze Pse per preparare il manifesto che adotteremo sabato al congresso&#8221;.<div id=\"div-gpt-ad-Messinaoggi.it-DSK-300x250-corpoart\" style=\"text-align:center;margin:0 auto;\"><\/div><\/p>\n<p>&#8211; Foto xc3\/Italpress &#8211;<div id=\"videoincontent\" style=\"clear:both\";><\/div><\/p>\n<p>(ITALPRESS).<\/p><\/div>\n","protected":false},"excerpt":{"rendered":"<p>ROMA (ITALPRESS) &#8211; Parte da Roma la campagna elettorale dei socialisti europei per le elezioni di giugno 2024: sabato previsto il congresso del Pse.&#8220;Siamo onorati di poter ospitare questo congresso elettorale del Pse, \u00e8 una grande gioia e responsabilit\u00e0, altri hanno portato in Italia gli amici di Putin, gli euroscettici, noi portiamo in Italia gli [&hellip;]<\/p>\n","protected":false},"author":18,"featured_media":189243,"comment_status":"closed","ping_status":"closed","sticky":false,"template":"","format":"standard","meta":{"ub_ctt_via":"","_mi_skip_tracking":false},"categories":[446],"tags":[783],"featured_image_src":"https:\/\/www.messinaoggi.it\/website\/wp-content\/uploads\/2024\/02\/20240229_2352.jpg","author_info":{"display_name":"Admin","author_link":"https:\/\/www.messinaoggi.it\/website\/author\/admin\/"},"digistream_id":0,"digistream":false,"_links":{"self":[{"href":"https:\/\/www.messinaoggi.it\/website\/wp-json\/wp\/v2\/posts\/189242"}],"collection":[{"href":"https:\/\/www.messinaoggi.it\/website\/wp-json\/wp\/v2\/posts"}],"about":[{"href":"https:\/\/www.messinaoggi.it\/website\/wp-json\/wp\/v2\/types\/post"}],"author":[{"embeddable":true,"href":"https:\/\/www.messinaoggi.it\/website\/wp-json\/wp\/v2\/users\/18"}],"replies":[{"embeddable":true,"href":"https:\/\/www.messinaoggi.it\/website\/wp-json\/wp\/v2\/comments?post=189242"}],"version-history":[{"count":0,"href":"https:\/\/www.messinaoggi.it\/website\/wp-json\/wp\/v2\/posts\/189242\/revisions"}],"wp:featuredmedia":[{"embeddable":true,"href":"https:\/\/www.messinaoggi.it\/website\/wp-json\/wp\/v2\/media\/189243"}],"wp:attachment":[{"href":"https:\/\/www.messinaoggi.it\/website\/wp-json\/wp\/v2\/media?parent=189242"}],"wp:term":[{"taxonomy":"category","embeddable":true,"href":"https:\/\/www.messinaoggi.it\/website\/wp-json\/wp\/v2\/categories?post=189242"},{"taxonomy":"post_tag","embeddable":true,"href":"https:\/\/www.messinaoggi.it\/website\/wp-json\/wp\/v2\/tags?post=189242"}],"curies":[{"name":"wp","href":"https:\/\/api.w.org\/{rel}","templated":true}]}}