{"id":189238,"date":"2024-02-29T18:08:04","date_gmt":"2024-02-29T17:08:04","guid":{"rendered":"https:\/\/www.messinaoggi.it\/website\/2024\/02\/29\/pogba-non-ci-sta-sentenza-sbagliata-faro-ricorso-al-tas\/"},"modified":"2024-02-29T18:08:04","modified_gmt":"2024-02-29T17:08:04","slug":"pogba-non-ci-sta-sentenza-sbagliata-faro-ricorso-al-tas","status":"publish","type":"post","link":"https:\/\/www.messinaoggi.it\/website\/2024\/02\/29\/pogba-non-ci-sta-sentenza-sbagliata-faro-ricorso-al-tas\/","title":{"rendered":"Pogba non ci sta \u201cSentenza sbagliata, far\u00f2 ricorso al Tas\u201d"},"content":{"rendered":"<div>TORINO (ITALPRESS) &#8211; Paul Pogba non ci sta ed \u00e8 pronto a impugnare la squalifica di 4 anni per doping davanti al Tas di Losanna. Il quasi 31enne centrocampista francese della Juventus fa sapere via social di essere stato informato oggi della decisione del Tribunale Nazionale Antidoping &#8220;e ritengo che il verdetto sia sbagliato. Sono triste, scioccato e affranto perch\u00e8 mi hanno portato via tutto quello che avevo costruito nella mia carriera da calciatore professionista. Non appena sar\u00f2 libero dalle restrizioni legali, l&#8217;intera storia diventer\u00e0 chiara ma non ho mai consapevolmente o volutamente assunto qualsiasi integratore che violasse le norme antidoping. Come atleta professonista non farei mai nulla per migliorare le mie prestazioni usando sostanze proibite e non ho mai mancato di rispetto o imbrogliato i miei colleghi o i tifosi delle squadre per cui ho giocato o che ho affrontato &#8211; sottolinea ancora Pogba &#8211; Come conseguenza della decisione annunciata oggi, far\u00f2 appello davanti al Tribunale arbitrale dello Sport&#8221;.<br \/>&#8211; foto Ipa Agency &#8211;<br \/>(ITALPRESS).<\/div>\n<div id=\"div-gpt-ad-Messinaoggi.it-DSK-300x250-corpoart\" style=\"text-align:center;margin:0 auto;\"><\/div><\/p><div id=\"videoincontent\" style=\"clear:both\";><\/div>","protected":false},"excerpt":{"rendered":"<p>TORINO (ITALPRESS) &#8211; Paul Pogba non ci sta ed \u00e8 pronto a impugnare la squalifica di 4 anni per doping davanti al Tas di Losanna. Il quasi 31enne centrocampista francese della Juventus fa sapere via social di essere stato informato oggi della decisione del Tribunale Nazionale Antidoping &#8220;e ritengo che il verdetto sia sbagliato. Sono [&hellip;]<\/p>\n","protected":false},"author":18,"featured_media":189239,"comment_status":"closed","ping_status":"closed","sticky":false,"template":"","format":"standard","meta":{"ub_ctt_via":"","_mi_skip_tracking":false},"categories":[446],"tags":[783],"featured_image_src":"https:\/\/www.messinaoggi.it\/website\/wp-content\/uploads\/2024\/02\/20240229_1224.jpg","author_info":{"display_name":"Admin","author_link":"https:\/\/www.messinaoggi.it\/website\/author\/admin\/"},"digistream_id":0,"digistream":false,"_links":{"self":[{"href":"https:\/\/www.messinaoggi.it\/website\/wp-json\/wp\/v2\/posts\/189238"}],"collection":[{"href":"https:\/\/www.messinaoggi.it\/website\/wp-json\/wp\/v2\/posts"}],"about":[{"href":"https:\/\/www.messinaoggi.it\/website\/wp-json\/wp\/v2\/types\/post"}],"author":[{"embeddable":true,"href":"https:\/\/www.messinaoggi.it\/website\/wp-json\/wp\/v2\/users\/18"}],"replies":[{"embeddable":true,"href":"https:\/\/www.messinaoggi.it\/website\/wp-json\/wp\/v2\/comments?post=189238"}],"version-history":[{"count":0,"href":"https:\/\/www.messinaoggi.it\/website\/wp-json\/wp\/v2\/posts\/189238\/revisions"}],"wp:featuredmedia":[{"embeddable":true,"href":"https:\/\/www.messinaoggi.it\/website\/wp-json\/wp\/v2\/media\/189239"}],"wp:attachment":[{"href":"https:\/\/www.messinaoggi.it\/website\/wp-json\/wp\/v2\/media?parent=189238"}],"wp:term":[{"taxonomy":"category","embeddable":true,"href":"https:\/\/www.messinaoggi.it\/website\/wp-json\/wp\/v2\/categories?post=189238"},{"taxonomy":"post_tag","embeddable":true,"href":"https:\/\/www.messinaoggi.it\/website\/wp-json\/wp\/v2\/tags?post=189238"}],"curies":[{"name":"wp","href":"https:\/\/api.w.org\/{rel}","templated":true}]}}