{"id":189143,"date":"2024-02-29T11:08:01","date_gmt":"2024-02-29T10:08:01","guid":{"rendered":"https:\/\/www.messinaoggi.it\/website\/2024\/02\/29\/mattarella-nessuna-malattia-troppo-rara-per-non-meritare-una-cura\/"},"modified":"2024-02-29T11:08:01","modified_gmt":"2024-02-29T10:08:01","slug":"mattarella-nessuna-malattia-troppo-rara-per-non-meritare-una-cura","status":"publish","type":"post","link":"https:\/\/www.messinaoggi.it\/website\/2024\/02\/29\/mattarella-nessuna-malattia-troppo-rara-per-non-meritare-una-cura\/","title":{"rendered":"Mattarella \u201cNessuna malattia troppo rara per non meritare una cura\u201d"},"content":{"rendered":"<div>ROMA (ITALPRESS) &#8211; &#8220;Ogni malattia evoca condizioni di fragilit\u00e0, a volte di isolamento, particolarmente nel caso delle malattie rare, che presentano difficolt\u00e0 diagnostiche e di approccio terapeutico, cos\u00ec come rilevante onerosit\u00e0 delle cure e della gestione di pazienti, anche a causa di scarsi investimenti nel settore della ricerca e della sperimentazione farmaceutica.<br \/>\nIn Italia sono pi\u00f9 di due milioni le persone afflitte da malattie di questa natura. La Giornata Mondiale delle Malattie Rare richiama l&#8217;attenzione su questa condizione di particolare difficolt\u00e0&#8221;. Cos\u00ec il presidente della Repubblica, Sergio Mattarella, in occasione della Giornata Mondiale delle Malattie Rare. &#8220;I continui progressi della medicina personalizzata, delle tecnologie genomiche e biomediche offrono nuove possibilit\u00e0 di trattamento per diverse patologie, aprendo la strada a terapie pi\u00f9 mirate ed efficaci e rendendo il futuro di tante persone affette da malattie rare sempre pi\u00f9 incoraggiante, a condizione che la comunit\u00e0 sappia farsi carico del diritto alla salute di questi cittadini&#8221;, aggiunge il capo dello Stato. &#8220;Occorre incrementare gli investimenti nella ricerca e favorire un approccio multidisciplinare al fine di individuare efficaci e rapidi percorsi diagnostici e di cura. L&#8217;approvazione del &#8216;Piano nazionale malattie rare 2023-2026&#8217;, avvenuta lo scorso maggio, rappresenta un passo in avanti nei confronti di quanti chiedono soluzioni concrete per migliorare la qualit\u00e0 della propria vita, perch\u00e8 nessuna malattia \u00e8 mai troppo rara da non meritare una cura efficace&#8221;, conclude Mattarella.<br \/>\n(ITALPRESS).<br \/>\n&#8211; Foto: ufficio stampa Quirinale &#8211;<\/div>\n<div id=\"div-gpt-ad-Messinaoggi.it-DSK-300x250-corpoart\" style=\"text-align:center;margin:0 auto;\"><\/div><\/p><div id=\"videoincontent\" style=\"clear:both\";><\/div>","protected":false},"excerpt":{"rendered":"<p>ROMA (ITALPRESS) &#8211; &#8220;Ogni malattia evoca condizioni di fragilit\u00e0, a volte di isolamento, particolarmente nel caso delle malattie rare, che presentano difficolt\u00e0 diagnostiche e di approccio terapeutico, cos\u00ec come rilevante onerosit\u00e0 delle cure e della gestione di pazienti, anche a causa di scarsi investimenti nel settore della ricerca e della sperimentazione farmaceutica. In Italia sono [&hellip;]<\/p>\n","protected":false},"author":18,"featured_media":189144,"comment_status":"closed","ping_status":"closed","sticky":false,"template":"","format":"standard","meta":{"ub_ctt_via":"","_mi_skip_tracking":false},"categories":[446],"tags":[783],"featured_image_src":"https:\/\/www.messinaoggi.it\/website\/wp-content\/uploads\/2024\/02\/20240229_0119.jpg","author_info":{"display_name":"Admin","author_link":"https:\/\/www.messinaoggi.it\/website\/author\/admin\/"},"digistream_id":0,"digistream":false,"_links":{"self":[{"href":"https:\/\/www.messinaoggi.it\/website\/wp-json\/wp\/v2\/posts\/189143"}],"collection":[{"href":"https:\/\/www.messinaoggi.it\/website\/wp-json\/wp\/v2\/posts"}],"about":[{"href":"https:\/\/www.messinaoggi.it\/website\/wp-json\/wp\/v2\/types\/post"}],"author":[{"embeddable":true,"href":"https:\/\/www.messinaoggi.it\/website\/wp-json\/wp\/v2\/users\/18"}],"replies":[{"embeddable":true,"href":"https:\/\/www.messinaoggi.it\/website\/wp-json\/wp\/v2\/comments?post=189143"}],"version-history":[{"count":0,"href":"https:\/\/www.messinaoggi.it\/website\/wp-json\/wp\/v2\/posts\/189143\/revisions"}],"wp:featuredmedia":[{"embeddable":true,"href":"https:\/\/www.messinaoggi.it\/website\/wp-json\/wp\/v2\/media\/189144"}],"wp:attachment":[{"href":"https:\/\/www.messinaoggi.it\/website\/wp-json\/wp\/v2\/media?parent=189143"}],"wp:term":[{"taxonomy":"category","embeddable":true,"href":"https:\/\/www.messinaoggi.it\/website\/wp-json\/wp\/v2\/categories?post=189143"},{"taxonomy":"post_tag","embeddable":true,"href":"https:\/\/www.messinaoggi.it\/website\/wp-json\/wp\/v2\/tags?post=189143"}],"curies":[{"name":"wp","href":"https:\/\/api.w.org\/{rel}","templated":true}]}}