{"id":189139,"date":"2024-02-29T11:07:59","date_gmt":"2024-02-29T10:07:59","guid":{"rendered":"https:\/\/www.messinaoggi.it\/website\/2024\/02\/29\/calenda-conte-populista-ma-non-ce-piu-spazio-per-candidati-terzi\/"},"modified":"2024-02-29T11:07:59","modified_gmt":"2024-02-29T10:07:59","slug":"calenda-conte-populista-ma-non-ce-piu-spazio-per-candidati-terzi","status":"publish","type":"post","link":"https:\/\/www.messinaoggi.it\/website\/2024\/02\/29\/calenda-conte-populista-ma-non-ce-piu-spazio-per-candidati-terzi\/","title":{"rendered":"Calenda \u201cConte populista ma non c\u2019\u00e8 pi\u00f9 spazio per candidati terzi\u201d"},"content":{"rendered":"<div>ROMA (ITALPRESS) &#8211; &#8220;Cambiare idea su Conte? Ma quando mai. Penso che Conte sia un populista, che sia stato un pessimo presidente del Consiglio e non condivido le sue idee. Non ho mai detto che faremo parte di nessun campo largo&#8221;. Cos\u00ec in una intervista al Corriere della Sera il leader di Azione, Carlo Calenda. &#8220;Non abbiamo fatto il governo con i Cinque Stelle quando non c&#8217;era la vicenda ucraina, figuriamoci adesso. Le frasi che ha detto Conte l&#8217;altro ieri in tv sull&#8217;Ucraina sono immorali&#8221;.<br \/>Calenda precisa che &#8220;non continueremo a sostenere candidati terzi. Dopo sei elezioni regionali c&#8217;\u00e8 una lezione che va imparata: il sistema elettorale a un turno unico non consente una candidatura terza. Sosteniamo D&#8217;Amico in Abruzzo esattamente come facciamo con Occhiuto, in Calabria, che \u00e8 un bravo governatore liberale, moderato, europeista. Questo \u00e8 il criterio su cui decidiamo e decideremo: competenza, onest\u00e0 e valori democratici. Basta candidature di testimonianza&#8221;.<br \/>-foto Agenzia Fotogramma-<br \/>(ITALPRESS).<\/div>\n<div id=\"div-gpt-ad-Messinaoggi.it-DSK-300x250-corpoart\" style=\"text-align:center;margin:0 auto;\"><\/div><\/p><div id=\"videoincontent\" style=\"clear:both\";><\/div>","protected":false},"excerpt":{"rendered":"<p>ROMA (ITALPRESS) &#8211; &#8220;Cambiare idea su Conte? Ma quando mai. Penso che Conte sia un populista, che sia stato un pessimo presidente del Consiglio e non condivido le sue idee. Non ho mai detto che faremo parte di nessun campo largo&#8221;. Cos\u00ec in una intervista al Corriere della Sera il leader di Azione, Carlo Calenda. [&hellip;]<\/p>\n","protected":false},"author":18,"featured_media":189140,"comment_status":"closed","ping_status":"closed","sticky":false,"template":"","format":"standard","meta":{"ub_ctt_via":"","_mi_skip_tracking":false},"categories":[446],"tags":[783],"featured_image_src":"https:\/\/www.messinaoggi.it\/website\/wp-content\/uploads\/2024\/02\/20240229_0061.jpg","author_info":{"display_name":"Admin","author_link":"https:\/\/www.messinaoggi.it\/website\/author\/admin\/"},"digistream_id":0,"digistream":false,"_links":{"self":[{"href":"https:\/\/www.messinaoggi.it\/website\/wp-json\/wp\/v2\/posts\/189139"}],"collection":[{"href":"https:\/\/www.messinaoggi.it\/website\/wp-json\/wp\/v2\/posts"}],"about":[{"href":"https:\/\/www.messinaoggi.it\/website\/wp-json\/wp\/v2\/types\/post"}],"author":[{"embeddable":true,"href":"https:\/\/www.messinaoggi.it\/website\/wp-json\/wp\/v2\/users\/18"}],"replies":[{"embeddable":true,"href":"https:\/\/www.messinaoggi.it\/website\/wp-json\/wp\/v2\/comments?post=189139"}],"version-history":[{"count":0,"href":"https:\/\/www.messinaoggi.it\/website\/wp-json\/wp\/v2\/posts\/189139\/revisions"}],"wp:featuredmedia":[{"embeddable":true,"href":"https:\/\/www.messinaoggi.it\/website\/wp-json\/wp\/v2\/media\/189140"}],"wp:attachment":[{"href":"https:\/\/www.messinaoggi.it\/website\/wp-json\/wp\/v2\/media?parent=189139"}],"wp:term":[{"taxonomy":"category","embeddable":true,"href":"https:\/\/www.messinaoggi.it\/website\/wp-json\/wp\/v2\/categories?post=189139"},{"taxonomy":"post_tag","embeddable":true,"href":"https:\/\/www.messinaoggi.it\/website\/wp-json\/wp\/v2\/tags?post=189139"}],"curies":[{"name":"wp","href":"https:\/\/api.w.org\/{rel}","templated":true}]}}