{"id":189094,"date":"2024-02-28T19:08:02","date_gmt":"2024-02-28T18:08:02","guid":{"rendered":"https:\/\/www.messinaoggi.it\/website\/2024\/02\/28\/a-rimini-pichetto-fratin-inaugura-key-the-energy-transition-expo\/"},"modified":"2024-02-28T19:08:02","modified_gmt":"2024-02-28T18:08:02","slug":"a-rimini-pichetto-fratin-inaugura-key-the-energy-transition-expo","status":"publish","type":"post","link":"https:\/\/www.messinaoggi.it\/website\/2024\/02\/28\/a-rimini-pichetto-fratin-inaugura-key-the-energy-transition-expo\/","title":{"rendered":"A Rimini Pichetto Fratin inaugura \u201cKEY \u2013 The Energy Transition Expo\u201d"},"content":{"rendered":"<div>RIMINI (ITALPRESS) &#8211; Da oggi a venerd\u00ec i riflettori di tutto il mondo delle energie rinnovabili sono puntati sulla Fiera di Rimini. La seconda edizione di KEY &#8211; The Energy Transition Expo, l&#8217;evento di Italian Exhibition Group (IEG) sulla transizione energetica, ha alzato il sipario questa mattina su tecnologie innovative, servizi e soluzioni integrate per l&#8217;efficienza energetica e le fonti sostenibili. Presenti circa 800 brand espositori (oltre il 30% in pi\u00f9 rispetto al 2023), di cui circa il 35% dall&#8217;estero, con numerose aziende di rilevanza internazionale, leader nei propri mercati di riferimento.<br \/>Sotto la Cupola Lorenzo Cagnoni &#8211; Innovation Square, si \u00e8 svolta l&#8217;Opening Ceremony, col ministro dell&#8217;Ambiente e della Sicurezza Energetica Gilberto Pichetto Fratin. Vi hanno preso parte Maurizio Renzo Ermeti, presidente di Italian Exhibition Group, Anna Montini, assessora alla Transizione Ecologica del Comune di Rimini, Stefano Locatelli, vicepresidente ANCI e Paolo Arrigoni, presidente GSE. A moderare, il global exhibition director della Green&amp;Technology division di IEG, Alessandra Astolfi.<br \/>Il ministro Gilberto Pichetto Fratin ha dichiarato: &#8220;Il futuro dell&#8217;umanit\u00e0 dipender\u00e0 da come sapremo gestire l&#8217;energia di cui un mondo &#8211; sempre pi\u00f9 affollato &#8211; ha e avr\u00e0 bisogno: manifestazioni come KEY sono una occasione importante per conoscere le tecnologie che guidano la transizione energetica. <br \/>Dobbiamo costruire un nuovo modello che metta al centro la sostenibilit\u00e0 ambientale, economica e sociale dei processi produttivi, degli stili di vita, del modo di muoversi, delle caratteristiche dell&#8217;abitare.<br \/>In questo scenario tutte le strade inedite che l&#8217;innovazione ci proporr\u00e0 per produrre energia pulita dovranno essere esplorate, come dovranno essere percorse, e lo stiamo gi\u00e0 facendo, le nuove metodologie di produzione e distribuzione dell&#8217;energia.<br \/>Credo che la prossima piccola grande rivoluzione energetica in Italia sar\u00e0 quella delle Comunit\u00e0 Energetiche Rinnovabili che abbiamo varato. Oggi le CER possono dispiegare appieno le potenzialit\u00e0 di una produzione solidale, distribuita sul territorio, aperta anche ai borghi pi\u00f9 piccoli, con un netto vantaggio per l&#8217;ambiente e un risparmio importante per i cittadini, le imprese, gli enti e tutti i sodalizi che &#8220;faranno comunit\u00e0&#8221;&#8221;.<br \/>Il presidente IEG, Maurizio Ermeti, ha ricordato che &#8220;KEY non si focalizza su una singola area tecnologica, ma \u00e8 dedicata al tema della transizione energetica a 360 gradi. Ed \u00e8 proprio questa sua trasversalit\u00e0 a rappresentare l&#8217;elemento differenziante, quello che la rende unica rispetto alle altre fiere sulle rinnovabili. Qui si parla la lingua del sole, del vento, dell&#8217;idrogeno, della E-mobility e delle citt\u00e0 sostenibili. Il nostro obiettivo, per la seconda edizione, \u00e8 consolidare la leadership di KEY in Europa e nel bacino del Mediterraneo sul tema della transizione energetica&#8221;.<br \/>Anna Montini, assessora alla Transizione Ecologica del Comune di Rimini: &#8220;La citt\u00e0 sta investendo tanto sia per la transizione energetica, sia per la rigenerazione nell&#8217;ambito urbano, costiero e centro storico. Da un punto di vista degli investimenti, a partire dal 2012 abbiamo ristrutturato una scuola all&#8217;anno mettendo impianti fotovoltaici. Stiamo portando avanti dei progetti di comunit\u00e0 energetiche rinnovabili e favorendo anche l&#8217;installazione di impianti fotovoltaici dove prima non era consentito, come nel centro storico. Altro investimento importante in citt\u00e0 \u00e8 la prosecuzione del Metromare, che sar\u00e0 prolungato dalla stazione centrale fino a Rimini fiera entro il 2026&#8221;.<br \/>Stefano Locatelli, vicepresidente ANCI, afferma: &#8220;Perch\u00e8 siamo qui? Perch\u00e8 i Comuni c&#8217;entrano tanto, soprattutto quando si parla di futuro. In occasione della presentazione da parte del Governo della proposta italiana sul Recover alla Commissione Europea, l&#8217;ANCI si \u00e8 fatta promotrice di alcune indicazioni condivise con i Comuni, con lo scopo di supportare ed incrementare la possibilit\u00e0 di raggiungere gli obiettivi fissati su transazione ed indipendenza energetica e decarbonizzazione. Sono indicazioni ancora valide e che l&#8217;ANCI sta riproponendo in parte anche al tavolo di discussione sul piano Energia e Clima, in stretta collaborazione con il ministero dell&#8217;Ambiente&#8221;.<br \/>Il Presidente del GSE Paolo Arrigoni sottolinea: &#8220;Questa manifestazione \u00e8 per il GSE un&#8217;importante occasione per consolidare il dialogo con le imprese e le associazioni. In particolare, in questa edizione i colleghi del GSE saranno a supporto di utenti e operatori, con seminari e appuntamenti One to One, per approfondire il nuovo meccanismo a sostegno dello sviluppo delle CER&#8221;.<br \/>Secondo i dati diffusi da Terna, nel 2023 le fonti rinnovabili hanno coperto complessivamente il 36,8% della domanda (contro il 31% del 2022); inoltre, l&#8217;anno da poco concluso ha fatto registrare una crescita rilevante della produzione rinnovabile (+15,4%), raggiungendo il record del 43,8%. In crescita l&#8217;idrico (+36,1), l&#8217;eolico (+15,1%) e il fotovoltaico (+10,6%).<br \/>Un mondo quindi in grande fermento, che in fiera presenta tante novit\u00e0 interessanti e altamente tecnologiche: dai sistemi di installazione di impianti fotovoltaici senza dover forare le coperture, a colonnine e sistemi di storage firmati da noti designer; dai pannelli resistenti alle grandinate, ai sistemi di fissaggio che si rifanno alle radici degli alberi. E poi, ancora: assistenti domestici basati sull&#8217;intelligenza artificiale, le grandi auto elettriche tutte da provare, punti di ricarica per ogni esigenza, modelli di case green con tutti i device utili a consumare rispettando la sostenibilit\u00e0.<br \/> &#8211; foto ufficio stampa Italian Exhibition Group &#8211;<br \/>(ITALPRESS).<\/div>\n<div id=\"div-gpt-ad-Messinaoggi.it-DSK-300x250-corpoart\" style=\"text-align:center;margin:0 auto;\"><\/div><\/p><div id=\"videoincontent\" style=\"clear:both\";><\/div>","protected":false},"excerpt":{"rendered":"<p>RIMINI (ITALPRESS) &#8211; Da oggi a venerd\u00ec i riflettori di tutto il mondo delle energie rinnovabili sono puntati sulla Fiera di Rimini. La seconda edizione di KEY &#8211; The Energy Transition Expo, l&#8217;evento di Italian Exhibition Group (IEG) sulla transizione energetica, ha alzato il sipario questa mattina su tecnologie innovative, servizi e soluzioni integrate per [&hellip;]<\/p>\n","protected":false},"author":18,"featured_media":189095,"comment_status":"closed","ping_status":"closed","sticky":false,"template":"","format":"standard","meta":{"ub_ctt_via":"","_mi_skip_tracking":false},"categories":[446],"tags":[783],"featured_image_src":"https:\/\/www.messinaoggi.it\/website\/wp-content\/uploads\/2024\/02\/20240228_1664.jpg","author_info":{"display_name":"Admin","author_link":"https:\/\/www.messinaoggi.it\/website\/author\/admin\/"},"digistream_id":0,"digistream":false,"_links":{"self":[{"href":"https:\/\/www.messinaoggi.it\/website\/wp-json\/wp\/v2\/posts\/189094"}],"collection":[{"href":"https:\/\/www.messinaoggi.it\/website\/wp-json\/wp\/v2\/posts"}],"about":[{"href":"https:\/\/www.messinaoggi.it\/website\/wp-json\/wp\/v2\/types\/post"}],"author":[{"embeddable":true,"href":"https:\/\/www.messinaoggi.it\/website\/wp-json\/wp\/v2\/users\/18"}],"replies":[{"embeddable":true,"href":"https:\/\/www.messinaoggi.it\/website\/wp-json\/wp\/v2\/comments?post=189094"}],"version-history":[{"count":0,"href":"https:\/\/www.messinaoggi.it\/website\/wp-json\/wp\/v2\/posts\/189094\/revisions"}],"wp:featuredmedia":[{"embeddable":true,"href":"https:\/\/www.messinaoggi.it\/website\/wp-json\/wp\/v2\/media\/189095"}],"wp:attachment":[{"href":"https:\/\/www.messinaoggi.it\/website\/wp-json\/wp\/v2\/media?parent=189094"}],"wp:term":[{"taxonomy":"category","embeddable":true,"href":"https:\/\/www.messinaoggi.it\/website\/wp-json\/wp\/v2\/categories?post=189094"},{"taxonomy":"post_tag","embeddable":true,"href":"https:\/\/www.messinaoggi.it\/website\/wp-json\/wp\/v2\/tags?post=189094"}],"curies":[{"name":"wp","href":"https:\/\/api.w.org\/{rel}","templated":true}]}}