{"id":189068,"date":"2024-02-28T17:08:04","date_gmt":"2024-02-28T16:08:04","guid":{"rendered":"https:\/\/www.messinaoggi.it\/website\/2024\/02\/28\/regionali-conte-accordi-ovunque-possibile-ora-priorita-abruzzo\/"},"modified":"2024-02-28T17:08:04","modified_gmt":"2024-02-28T16:08:04","slug":"regionali-conte-accordi-ovunque-possibile-ora-priorita-abruzzo","status":"publish","type":"post","link":"https:\/\/www.messinaoggi.it\/website\/2024\/02\/28\/regionali-conte-accordi-ovunque-possibile-ora-priorita-abruzzo\/","title":{"rendered":"Regionali, Conte \u201cAccordi ovunque possibile, ora priorit\u00e0 Abruzzo\u201d"},"content":{"rendered":"<div>ROMA (ITALPRESS) &#8211; &#8220;Noi cercheremo di favorire gli accordi ovunque possibile. Ma adesso pi\u00f9 che di Piemonte e Basilicata parliamo di Abruzzo, perch\u00e8 \u00e8 la competizione elettorale pi\u00f9 imminente e dobbiamo concentrarci con tutto il nostro impegno e la nostra credibilit\u00e0&#8221;. Cos\u00ec il presidente del M5S, Giuseppe Conte, a margine del convegno &#8220;Lavoro povero e sostegni alla povert\u00e0 -. Legge sul salario minimo e Reddito di cittadinanza&#8221;, rispondendo alla domanda se siano possibili accordi con il Pd per le Regionali in Piemonte e Basilicata, dopo la vittoria in Sardegna.<div id=\"div-gpt-ad-Messinaoggi.it-DSK-300x250-corpoart\" style=\"text-align:center;margin:0 auto;\"><\/div><\/p>\n<p>&#8211; Foto: Agenzia Fotogramma &#8211;<div id=\"videoincontent\" style=\"clear:both\";><\/div><\/p>\n<p>(ITALPRESS).<\/p><\/div>\n","protected":false},"excerpt":{"rendered":"<p>ROMA (ITALPRESS) &#8211; &#8220;Noi cercheremo di favorire gli accordi ovunque possibile. Ma adesso pi\u00f9 che di Piemonte e Basilicata parliamo di Abruzzo, perch\u00e8 \u00e8 la competizione elettorale pi\u00f9 imminente e dobbiamo concentrarci con tutto il nostro impegno e la nostra credibilit\u00e0&#8221;. Cos\u00ec il presidente del M5S, Giuseppe Conte, a margine del convegno &#8220;Lavoro povero e [&hellip;]<\/p>\n","protected":false},"author":18,"featured_media":189069,"comment_status":"closed","ping_status":"closed","sticky":false,"template":"","format":"standard","meta":{"ub_ctt_via":"","_mi_skip_tracking":false},"categories":[446],"tags":[783],"featured_image_src":"https:\/\/www.messinaoggi.it\/website\/wp-content\/uploads\/2024\/02\/20240228_0963.jpg","author_info":{"display_name":"Admin","author_link":"https:\/\/www.messinaoggi.it\/website\/author\/admin\/"},"digistream_id":0,"digistream":false,"_links":{"self":[{"href":"https:\/\/www.messinaoggi.it\/website\/wp-json\/wp\/v2\/posts\/189068"}],"collection":[{"href":"https:\/\/www.messinaoggi.it\/website\/wp-json\/wp\/v2\/posts"}],"about":[{"href":"https:\/\/www.messinaoggi.it\/website\/wp-json\/wp\/v2\/types\/post"}],"author":[{"embeddable":true,"href":"https:\/\/www.messinaoggi.it\/website\/wp-json\/wp\/v2\/users\/18"}],"replies":[{"embeddable":true,"href":"https:\/\/www.messinaoggi.it\/website\/wp-json\/wp\/v2\/comments?post=189068"}],"version-history":[{"count":0,"href":"https:\/\/www.messinaoggi.it\/website\/wp-json\/wp\/v2\/posts\/189068\/revisions"}],"wp:featuredmedia":[{"embeddable":true,"href":"https:\/\/www.messinaoggi.it\/website\/wp-json\/wp\/v2\/media\/189069"}],"wp:attachment":[{"href":"https:\/\/www.messinaoggi.it\/website\/wp-json\/wp\/v2\/media?parent=189068"}],"wp:term":[{"taxonomy":"category","embeddable":true,"href":"https:\/\/www.messinaoggi.it\/website\/wp-json\/wp\/v2\/categories?post=189068"},{"taxonomy":"post_tag","embeddable":true,"href":"https:\/\/www.messinaoggi.it\/website\/wp-json\/wp\/v2\/tags?post=189068"}],"curies":[{"name":"wp","href":"https:\/\/api.w.org\/{rel}","templated":true}]}}