{"id":18902,"date":"2018-05-03T18:31:43","date_gmt":"2018-05-03T16:31:43","guid":{"rendered":"http:\/\/www.messinaoggi.it\/website\/?p=18902"},"modified":"2018-05-03T18:31:43","modified_gmt":"2018-05-03T16:31:43","slug":"in-flow-le-emozioni-trasversali-di-alessandra-lanese","status":"publish","type":"post","link":"https:\/\/www.messinaoggi.it\/website\/2018\/05\/03\/in-flow-le-emozioni-trasversali-di-alessandra-lanese\/","title":{"rendered":"In Flow le emozioni trasversali di Alessandra Lanese"},"content":{"rendered":"<p>Sabato, alle ore 18.00, nell\u2019ambito del progetto \u201cOpera al Centro\u201d curato da Giuseppe La Motta, \u00a0sar\u00e0 inaugurato \u00a0il vernissage dal titolo \u00a0\u201cFlow\u201d di Alessandra Lanese.Il suo stile trasversale disegna \u201cle mappe nel tempo\u201d, affermazione di un\u2019isola che c\u2019\u00e8, \u201cle architetture urbane\u201d, richiamo a un presente che non ha ancora una storia e \u201cbocce di memorie future\u201d, frammenti per luoghi possibili, percorso che inizia dalle sue tele e da queste diversa nelle sue \u201cbocce\u201d di vetro all\u2019interno di uno spazio nuovo, sono le firme dei tre momenti che identificano il suo percorso.<br \/>\nAlessandra Lanese nasce a Messina dove frequenta l\u2019Istituto d\u2019Arte e successivamente l\u2019Accademia delle Belle Arti a Catania.<br \/>\nDal 1994 la sua tensione artistica \u00e8 rivolta alla fotografia, con essa nasce il senso del rispetto e del pudore in rapporto all\u2019immagine da catturare. Tale visione la porta a muovere i primi passi esprimendosi nei confini di numerosi \u201cautoritratti\u201d, liberamente determinati dal non voler vedere ci\u00f2 che fotografa.<br \/>\nA questo inizio segue la sua instancabile attenzione sulla \u201cvisione attraverso\u201d: analisi dei rapporti che intercorrono tra visione e multimedialit\u00e0, con un\u2019attenzione al \u201cdivenire delle cose\u201d.<br \/>\nSignificative partecipazioni a mostra di settore e pubblicazioni su riviste fotografiche, con riconoscimenti in ambito regionale, la portano a frequentare numerose gallerie d\u2019arte di Milano dove conosce e stringe rapporti artistici con fotografi del calibro di Giani Berengo Gardin che ne apprezza la grammatica e la poetica.<br \/>\nA Brescia, invece, negli spazi del Museo Ken Damy, viene invitata a partecipare alla mostra dal titolo \u201cAutoritratti al femminile\u201d.<br \/>\nNel \u201996 partecipa aportfolio in piazza a cura di Lanfranco Colombo, evento nel quale si aggiudica il primo riconoscimento che le consente di esporre in varie gallerie. In quest\u2019occasione incontra Mario Cresci che la invita a rappresentare la sezione italiana\u00a0del \u201998 all\u2019importante manifestazione\u201d Rencontres d\u2019Arles\u201d (Francia). Nello stesso anno comincia ad insegnare a pieni meriti fotografia all\u2019Accademia delle Belle Arti di Messina, dove nel 2000 accetta l\u2019incarico di Direttrice Didattica. Qui conosce numerosi artisti tra cui Antonello Arena e una successiva collaborazione che li vede impegnati nella mostra \u201cLe pietre sono parole\u201d del 2003, a cura di Lucio Cabutti al Monte di Piet\u00e0 di Messina e successivamente in varie citt\u00e0 e Musei italiani.<br \/>\nL\u2019esperienza pittorica di Alessandra Lanese ci parla oggi di una ricerca tutta personale e di un affermato interesse sulle \u201cvisioni\u201d e sul \u201cdivenire\u201d: luoghi che lasciano sempre meno spazio alla casualit\u00e0.<br \/>\nAll\u2019inaugurazione interverranno il Presidente del Teatro Vittorio Emanuele, Luciano Fiorino e il Sovrintendente Egidio Bernava.<br \/>\nLa mostra potr\u00e0 essere visitata fino a marted\u00ec 15 maggio dalle ore 10.00 alle ore 13.00 e dalle 16.30 alle 19.00, escluso il luned\u00ec.<br \/>\nUn evento da non perdere per assaporare la bellezza di opere dalle quali lasciarsi sedurre.<br \/>\n <br \/>\n <br \/>\n <div id=\"div-gpt-ad-Messinaoggi.it-DSK-300x250-corpoart\" style=\"text-align:center;margin:0 auto;\"><\/div><\/p>\n<div id=\"videoincontent\" style=\"clear:both\";><\/div>","protected":false},"excerpt":{"rendered":"<p>Sabato, alle ore 18.00, nell\u2019ambito del progetto \u201cOpera al Centro\u201d curato da Giuseppe La Motta, \u00a0sar\u00e0 inaugurato \u00a0il vernissage dal titolo \u00a0\u201cFlow\u201d di Alessandra Lanese.Il suo stile trasversale disegna \u201cle mappe nel tempo\u201d, affermazione di un\u2019isola che c\u2019\u00e8, \u201cle architetture urbane\u201d, richiamo a un presente che non ha ancora una storia e \u201cbocce di memorie [&hellip;]<\/p>\n","protected":false},"author":5,"featured_media":18903,"comment_status":"closed","ping_status":"open","sticky":false,"template":"","format":"standard","meta":{"ub_ctt_via":"","_mi_skip_tracking":false},"categories":[16],"tags":[],"featured_image_src":"https:\/\/www.messinaoggi.it\/website\/wp-content\/uploads\/2018\/05\/Alessandra-Lanese-particolare-opera-mt.-590x310-2.jpg","author_info":{"display_name":"Maria Antonella Saia","author_link":"https:\/\/www.messinaoggi.it\/website\/author\/m-saia\/"},"digistream_id":0,"digistream":false,"_links":{"self":[{"href":"https:\/\/www.messinaoggi.it\/website\/wp-json\/wp\/v2\/posts\/18902"}],"collection":[{"href":"https:\/\/www.messinaoggi.it\/website\/wp-json\/wp\/v2\/posts"}],"about":[{"href":"https:\/\/www.messinaoggi.it\/website\/wp-json\/wp\/v2\/types\/post"}],"author":[{"embeddable":true,"href":"https:\/\/www.messinaoggi.it\/website\/wp-json\/wp\/v2\/users\/5"}],"replies":[{"embeddable":true,"href":"https:\/\/www.messinaoggi.it\/website\/wp-json\/wp\/v2\/comments?post=18902"}],"version-history":[{"count":0,"href":"https:\/\/www.messinaoggi.it\/website\/wp-json\/wp\/v2\/posts\/18902\/revisions"}],"wp:featuredmedia":[{"embeddable":true,"href":"https:\/\/www.messinaoggi.it\/website\/wp-json\/wp\/v2\/media\/18903"}],"wp:attachment":[{"href":"https:\/\/www.messinaoggi.it\/website\/wp-json\/wp\/v2\/media?parent=18902"}],"wp:term":[{"taxonomy":"category","embeddable":true,"href":"https:\/\/www.messinaoggi.it\/website\/wp-json\/wp\/v2\/categories?post=18902"},{"taxonomy":"post_tag","embeddable":true,"href":"https:\/\/www.messinaoggi.it\/website\/wp-json\/wp\/v2\/tags?post=18902"}],"curies":[{"name":"wp","href":"https:\/\/api.w.org\/{rel}","templated":true}]}}