{"id":188999,"date":"2024-02-28T08:26:55","date_gmt":"2024-02-28T07:26:55","guid":{"rendered":"http:\/\/www.messinaoggi.it\/website\/?p=188999"},"modified":"2024-02-28T08:26:56","modified_gmt":"2024-02-28T07:26:56","slug":"udu-messina-rinnovati-i-vertici-saremo-punto-di-riferimento-per-chi-non-ha-voce","status":"publish","type":"post","link":"https:\/\/www.messinaoggi.it\/website\/2024\/02\/28\/udu-messina-rinnovati-i-vertici-saremo-punto-di-riferimento-per-chi-non-ha-voce\/","title":{"rendered":"UDU Messina, rinnovati i vertici: \u201cSaremo punto di riferimento per chi non ha voce\u201d"},"content":{"rendered":"\n<p>L\u2019Unione degli Universitari di Messina (UDU) ha un nuovo coordinatore ed esecutivo. Ieri si \u00e8 svolto il V Congresso dell\u2019UDU Messina dal nome \u201cCon tutta la rabbia, con tutto l\u2019amore\u201d presso l\u2019aula Cannizzaro del Rettorato dell\u2019Universit\u00e0 degli Studi di Messina. L\u2019aula, piena di studentesse e studenti, ha eletto Emanuele Carlo come nuovo coordinatore provinciale, che sar\u00e0 affiancato dal nuovo esecutivo, composto dalla responsabile dell\u2019organizzazione Anna Ricevuto e dai membri dell\u2019esecutivo Nino Italiano e Miriam La Mantia.<div id=\"div-gpt-ad-Messinaoggi.it-DSK-300x250-corpoart\" style=\"text-align:center;margin:0 auto;\"><\/div><\/p>\n\n\n\n<p>L\u2019Assemblea congressuale \u00e8 iniziata con i saluti della rettrice Giovanna Spatari, a cui l\u2019UDU aveva gi\u00e0 consegnato un documento con le richieste pi\u00f9 urgenti per l\u2019Amministrazione universitaria. A seguire ha portato i suoi saluti Gabriella Messina della CGIL Sicilia. Sono poi intervenuti l\u2019onorevole Antonio De Luca del Movimento 5 stelle e l\u2019onorevole Calogero Leanza del Partito Democratico.<div id=\"videoincontent\" style=\"clear:both\";><\/div><\/p>\n\n\n\n<p>Il dibattito \u00e8 stato arricchito dagli interventi degli iscritti ma anche da tanti interventi del mondo sindacale della CGIL Messina, con gli interventi dei segretari della FLC CGIL, dello SPI CGIL, della FIOM CGIL, del SUNIA, della NIDIL CGIL, ed esponenti politici e dell\u2019associazionismo. Presenti anche Domenico Siracusano e Antonella Russo del Coordinamento provinciale del Partito Democratico. Agli interventi hanno preso parte anche la Rete degli Studenti Medi Sicilia, l\u2019associazione Messina in Progresso, Arcigay Messina, altre basi dell\u2019UDU di altre citt\u00e0 universitarie e la coordinatrice nazionale dell\u2019UDU Camilla Piredda.<\/p>\n\n\n\n<p>&#8220;Partiremo dall&#8217;interrogarci su quale universit\u00e0 e quale societ\u00e0 vorremmo costruire insieme. &#8211; ha dichiarato il neo coordinatore Emanuele Carlo &#8211; Nei prossimi anni ci impegneremo ad essere un punto di riferimento per coloro che non hanno voce, difendendo con determinazione i diritti degli studenti e delle studentesse. Il nuovo mandato che inizia oggi ci mette di fronte a una sfida significativa, che va oltre la sfera elettorale. Dobbiamo rispondere alla complessit\u00e0 del mondo contemporaneo, rimanendo fedeli ai nostri principi e alle esigenze della comunit\u00e0 studentesca. Siamo sicuri che, con questa comunit\u00e0 di ragazze e ragazzi militanti, possiamo fare tanta strada e l\u2019esecutivo che \u00e8 stato eletto avr\u00e0 il compito di accompagnare il movimento studentesco della nostra citt\u00e0 verso lo sviluppo di proposte concrete e mirate\u201d.<\/p>\n","protected":false},"excerpt":{"rendered":"<p>L\u2019Unione degli Universitari di Messina (UDU) ha un nuovo coordinatore ed esecutivo. Ieri si \u00e8 svolto il V Congresso dell\u2019UDU Messina dal nome \u201cCon tutta la rabbia, con tutto l\u2019amore\u201d presso l\u2019aula Cannizzaro del Rettorato dell\u2019Universit\u00e0 degli Studi di Messina. L\u2019aula, piena di studentesse e studenti, ha eletto Emanuele Carlo come nuovo coordinatore provinciale, che [&hellip;]<\/p>\n","protected":false},"author":8,"featured_media":189000,"comment_status":"open","ping_status":"open","sticky":false,"template":"","format":"standard","meta":{"ub_ctt_via":"","_mi_skip_tracking":false},"categories":[7],"tags":[6331,612],"featured_image_src":"https:\/\/www.messinaoggi.it\/website\/wp-content\/uploads\/2024\/02\/nuovo-esecutivo.jpg","author_info":{"display_name":"red..me","author_link":"https:\/\/www.messinaoggi.it\/website\/author\/redstage\/"},"digistream_id":0,"digistream":false,"_links":{"self":[{"href":"https:\/\/www.messinaoggi.it\/website\/wp-json\/wp\/v2\/posts\/188999"}],"collection":[{"href":"https:\/\/www.messinaoggi.it\/website\/wp-json\/wp\/v2\/posts"}],"about":[{"href":"https:\/\/www.messinaoggi.it\/website\/wp-json\/wp\/v2\/types\/post"}],"author":[{"embeddable":true,"href":"https:\/\/www.messinaoggi.it\/website\/wp-json\/wp\/v2\/users\/8"}],"replies":[{"embeddable":true,"href":"https:\/\/www.messinaoggi.it\/website\/wp-json\/wp\/v2\/comments?post=188999"}],"version-history":[{"count":1,"href":"https:\/\/www.messinaoggi.it\/website\/wp-json\/wp\/v2\/posts\/188999\/revisions"}],"predecessor-version":[{"id":189001,"href":"https:\/\/www.messinaoggi.it\/website\/wp-json\/wp\/v2\/posts\/188999\/revisions\/189001"}],"wp:featuredmedia":[{"embeddable":true,"href":"https:\/\/www.messinaoggi.it\/website\/wp-json\/wp\/v2\/media\/189000"}],"wp:attachment":[{"href":"https:\/\/www.messinaoggi.it\/website\/wp-json\/wp\/v2\/media?parent=188999"}],"wp:term":[{"taxonomy":"category","embeddable":true,"href":"https:\/\/www.messinaoggi.it\/website\/wp-json\/wp\/v2\/categories?post=188999"},{"taxonomy":"post_tag","embeddable":true,"href":"https:\/\/www.messinaoggi.it\/website\/wp-json\/wp\/v2\/tags?post=188999"}],"curies":[{"name":"wp","href":"https:\/\/api.w.org\/{rel}","templated":true}]}}