{"id":188989,"date":"2024-02-27T22:08:00","date_gmt":"2024-02-27T21:08:00","guid":{"rendered":"https:\/\/www.messinaoggi.it\/website\/2024\/02\/27\/la-russa-israele-distingua-tra-pro-hamas-e-palestinesi-incolpevoli\/"},"modified":"2024-02-27T22:08:00","modified_gmt":"2024-02-27T21:08:00","slug":"la-russa-israele-distingua-tra-pro-hamas-e-palestinesi-incolpevoli","status":"publish","type":"post","link":"https:\/\/www.messinaoggi.it\/website\/2024\/02\/27\/la-russa-israele-distingua-tra-pro-hamas-e-palestinesi-incolpevoli\/","title":{"rendered":"La Russa \u201cIsraele distingua tra pro-Hamas e palestinesi incolpevoli\u201d"},"content":{"rendered":"<div>ROMA (ITALPRESS) &#8211; &#8220;Il Senato, non solo io, segue il dramma del popolo di Israele e le vicende che interessano gli ebrei non solo di Israele, ma d&#8217;Italia e di ogni parte del mondo. Non solo non ci pu\u00f2 essere Europa senza ebrei, ma non ci pu\u00f2 essere la nostra realt\u00e0 storica e culturale senza le radici cristiano ebraiche&#8221;. Cos\u00ec il presidente del Senato, Ignazio La Russa, ricevendo a Palazzo Giustiniani alcuni rappresentanti delle Comunit\u00e0 ebraiche europee. &#8220;Lo spirito antiebraico non era scomparso, ma covava sotto la cenere, con la volont\u00e0 di annientare lo Stato di Israele, la volont\u00e0 di far riemergere l&#8217;antiebraismo e l&#8217;antisionismo, che continuano a essere presenti e in maniera preoccupante in tutta Europa&#8221;, ha aggiunto. &#8220;Speriamo e confidiamo che Israele sappia mettere in campo tute le risorse possibili per eliminare la minaccia ed evitare che in futuro si ripetano atti di aggressione. Contiamo anche che sappia trovare tutti i modi, anche quelli diplomatici, per cercare di riportare a casa tutti gli ostaggi che sono ancora nelle mani Hamas e che sappia distinguere tra gli uomini che vogliono o accettano Hamas dai palestinesi che incolpevolmente, io penso ce ne siamo, si trovano in quel territorio&#8221;, ha concluso.<br \/>(ITALPRESS).<br \/>&#8211; Foto: ufficio stampa Senato &#8211;<\/div>\n<div id=\"div-gpt-ad-Messinaoggi.it-DSK-300x250-corpoart\" style=\"text-align:center;margin:0 auto;\"><\/div><\/p><div id=\"videoincontent\" style=\"clear:both\";><\/div>","protected":false},"excerpt":{"rendered":"<p>ROMA (ITALPRESS) &#8211; &#8220;Il Senato, non solo io, segue il dramma del popolo di Israele e le vicende che interessano gli ebrei non solo di Israele, ma d&#8217;Italia e di ogni parte del mondo. Non solo non ci pu\u00f2 essere Europa senza ebrei, ma non ci pu\u00f2 essere la nostra realt\u00e0 storica e culturale senza [&hellip;]<\/p>\n","protected":false},"author":18,"featured_media":188990,"comment_status":"closed","ping_status":"closed","sticky":false,"template":"","format":"standard","meta":{"ub_ctt_via":"","_mi_skip_tracking":false},"categories":[446],"tags":[783],"featured_image_src":"https:\/\/www.messinaoggi.it\/website\/wp-content\/uploads\/2024\/02\/20240227_2520.jpg","author_info":{"display_name":"Admin","author_link":"https:\/\/www.messinaoggi.it\/website\/author\/admin\/"},"digistream_id":0,"digistream":false,"_links":{"self":[{"href":"https:\/\/www.messinaoggi.it\/website\/wp-json\/wp\/v2\/posts\/188989"}],"collection":[{"href":"https:\/\/www.messinaoggi.it\/website\/wp-json\/wp\/v2\/posts"}],"about":[{"href":"https:\/\/www.messinaoggi.it\/website\/wp-json\/wp\/v2\/types\/post"}],"author":[{"embeddable":true,"href":"https:\/\/www.messinaoggi.it\/website\/wp-json\/wp\/v2\/users\/18"}],"replies":[{"embeddable":true,"href":"https:\/\/www.messinaoggi.it\/website\/wp-json\/wp\/v2\/comments?post=188989"}],"version-history":[{"count":0,"href":"https:\/\/www.messinaoggi.it\/website\/wp-json\/wp\/v2\/posts\/188989\/revisions"}],"wp:featuredmedia":[{"embeddable":true,"href":"https:\/\/www.messinaoggi.it\/website\/wp-json\/wp\/v2\/media\/188990"}],"wp:attachment":[{"href":"https:\/\/www.messinaoggi.it\/website\/wp-json\/wp\/v2\/media?parent=188989"}],"wp:term":[{"taxonomy":"category","embeddable":true,"href":"https:\/\/www.messinaoggi.it\/website\/wp-json\/wp\/v2\/categories?post=188989"},{"taxonomy":"post_tag","embeddable":true,"href":"https:\/\/www.messinaoggi.it\/website\/wp-json\/wp\/v2\/tags?post=188989"}],"curies":[{"name":"wp","href":"https:\/\/api.w.org\/{rel}","templated":true}]}}