{"id":188922,"date":"2024-02-27T16:16:56","date_gmt":"2024-02-27T15:16:56","guid":{"rendered":"http:\/\/www.messinaoggi.it\/website\/?p=188922"},"modified":"2024-02-27T16:17:38","modified_gmt":"2024-02-27T15:17:38","slug":"messina-capitale-della-musica-ce-anche-laura-pausini","status":"publish","type":"post","link":"https:\/\/www.messinaoggi.it\/website\/2024\/02\/27\/messina-capitale-della-musica-ce-anche-laura-pausini\/","title":{"rendered":"Messina capitale della musica, c&#8217;\u00e8 anche Laura Pausini"},"content":{"rendered":"\n<p>C\u2019\u00e8 anche Messina tra le citt\u00e0 toccate dal tour di Laura Pausini tra novembre e dicembre del 2024. Dopo aver registrato il tutto esaurito nelle pi\u00f9 importanti arene d\u2019Europa, la cantante svela le nuove date che porteranno il suo World Tour 2023\/2024 fino alla fine del prossimo inverno. \u201cIl mio regalo di San Valentino per voi \u00e8 che il tour continua questo inverno 2024. Torner\u00f2 in Europa per stare ancora con voi\u201d, aveva anticipato sui suoi canali social. E Pausini mantiene la promessa, a partire da un debutto all\u2019O2 Shepherd\u2019s Bush di Londra.<br>E a seguire queste le citt\u00e0 che ospiteranno l\u2019artista italiana pi\u00f9 premiata al mondo nei mesi di novembre e dicembre: Eboli, Bari, Roma, Livorno, Pesaro, Milano, Torino, Marsiglia, Malaga, Pamplona, Ginevra, Basilea, Monaco, Sofia, Belgrado, Lubiana e Messina. \u201cNon mi fermo, perch\u00e9 salire sul palco e dare tutta me stessa al pubblico \u00e8 ci\u00f2 che sono da pi\u00f9 di 30 anni \u2013 afferma l\u2019artista -. L\u2019abbraccio che sto ricevendo in ogni citt\u00e0 che mi ha regalato affetto \u00e8 quello che mi porto dietro tappa dopo tappa, e non so spiegare quanto mi faccia sentire amata. Ho promesso di continuare a cantare per restituire tutto ci\u00f2 che il pubblico mi regala, e perch\u00e9 in nessun posto al mondo si scatena ci\u00f2 che accade sul palcoscenico da quando parte il countdown dell\u2019inizio a quando scendo l\u2019ultimo gradino dopo il finale. Non smetto di emozionarmi perch\u00e9 gli anni passano, ma l\u2019amore no. Ecco perch\u00e9 ho scelto San Valentino per regalare a me stessa e ai miei fan un altro capitolo di questo tour incredibile che ricorder\u00f2 per sempre&#8221;.<div id=\"div-gpt-ad-Messinaoggi.it-DSK-300x250-corpoart\" style=\"text-align:center;margin:0 auto;\"><\/div><\/p>\n<div id=\"videoincontent\" style=\"clear:both\";><\/div>","protected":false},"excerpt":{"rendered":"<p>C\u2019\u00e8 anche Messina tra le citt\u00e0 toccate dal tour di Laura Pausini tra novembre e dicembre del 2024. Dopo aver registrato il tutto esaurito nelle pi\u00f9 importanti arene d\u2019Europa, la cantante svela le nuove date che porteranno il suo World Tour 2023\/2024 fino alla fine del prossimo inverno. \u201cIl mio regalo di San Valentino per [&hellip;]<\/p>\n","protected":false},"author":4,"featured_media":188923,"comment_status":"open","ping_status":"open","sticky":false,"template":"","format":"standard","meta":{"ub_ctt_via":"","_mi_skip_tracking":false},"categories":[5],"tags":[2311],"featured_image_src":"https:\/\/www.messinaoggi.it\/website\/wp-content\/uploads\/2024\/02\/f61b3f19da85a71e1f3c3cf9e0dfedc0-7dob4wou0g1z3ietthvxwp100qyft120nyp4u1jn87a.jpg","author_info":{"display_name":"redme","author_link":"https:\/\/www.messinaoggi.it\/website\/author\/redme\/"},"digistream_id":0,"digistream":false,"_links":{"self":[{"href":"https:\/\/www.messinaoggi.it\/website\/wp-json\/wp\/v2\/posts\/188922"}],"collection":[{"href":"https:\/\/www.messinaoggi.it\/website\/wp-json\/wp\/v2\/posts"}],"about":[{"href":"https:\/\/www.messinaoggi.it\/website\/wp-json\/wp\/v2\/types\/post"}],"author":[{"embeddable":true,"href":"https:\/\/www.messinaoggi.it\/website\/wp-json\/wp\/v2\/users\/4"}],"replies":[{"embeddable":true,"href":"https:\/\/www.messinaoggi.it\/website\/wp-json\/wp\/v2\/comments?post=188922"}],"version-history":[{"count":1,"href":"https:\/\/www.messinaoggi.it\/website\/wp-json\/wp\/v2\/posts\/188922\/revisions"}],"predecessor-version":[{"id":188924,"href":"https:\/\/www.messinaoggi.it\/website\/wp-json\/wp\/v2\/posts\/188922\/revisions\/188924"}],"wp:featuredmedia":[{"embeddable":true,"href":"https:\/\/www.messinaoggi.it\/website\/wp-json\/wp\/v2\/media\/188923"}],"wp:attachment":[{"href":"https:\/\/www.messinaoggi.it\/website\/wp-json\/wp\/v2\/media?parent=188922"}],"wp:term":[{"taxonomy":"category","embeddable":true,"href":"https:\/\/www.messinaoggi.it\/website\/wp-json\/wp\/v2\/categories?post=188922"},{"taxonomy":"post_tag","embeddable":true,"href":"https:\/\/www.messinaoggi.it\/website\/wp-json\/wp\/v2\/tags?post=188922"}],"curies":[{"name":"wp","href":"https:\/\/api.w.org\/{rel}","templated":true}]}}