{"id":188749,"date":"2024-02-26T16:34:08","date_gmt":"2024-02-26T15:34:08","guid":{"rendered":"http:\/\/www.messinaoggi.it\/website\/?p=188749"},"modified":"2024-02-27T09:45:39","modified_gmt":"2024-02-27T08:45:39","slug":"personale-igienico-la-uil-fpl-incalza-basile-intervenga-con-la-regione","status":"publish","type":"post","link":"https:\/\/www.messinaoggi.it\/website\/2024\/02\/26\/personale-igienico-la-uil-fpl-incalza-basile-intervenga-con-la-regione\/","title":{"rendered":"Personale igienico, la Uil-Fpl incalza Basile: &#8220;Intervenga con la Regione&#8221;"},"content":{"rendered":"\n<p>Personale igieni alla Citt\u00e0 Metropolitana di Messina, c&#8217;\u00e8 una proposta di legge regionale presentata dal Pd che prevede l&#8217;impiego del personale anche nel periodo estivo e non solo per la durata dell&#8217;anno scolastico.<div id=\"div-gpt-ad-Messinaoggi.it-DSK-300x250-corpoart\" style=\"text-align:center;margin:0 auto;\"><\/div><\/p>\n\n\n\n<p>Sull&#8217;argomento interviene la Uil-Fpl di Messina sollecitando il sindaco metropolitano, Federico Basile, affinch\u00e9 solleciti la Regione per consentire ai lavoratori di potere esercitare la professione anche durante l&#8217;estate ed evitare di rimanere senza stipendio.<div id=\"videoincontent\" style=\"clear:both\";><\/div><\/p>\n\n\n\n<p>Ecco il testo della nota sindacale.<\/p>\n\n\n\n<p>&#8220;<em>La Citt\u00e0 metropolitana di Messina, da anni,  gestisce attraverso alcune cooperative sociali 465 alunni, pi\u00f9 14 alunni ciechi\/sordi (servizio di assistenza all\u2019autonomia e alla comunicazione)<\/em>. Sono <em>255 alunni che usufruiscono  dell\u2019assistenza igienico \u2013 personale, cos\u00ec come 257 usufruiscono del servizio trasporti. Tale Servizio viene svolto da operatori delle cooperative, con rapporto di lavoro a tempo indeterminato ciclico che riveste diversi  profili: Autisti, Osa\/OSS, Assistenti alla Comunicazione. Purtroppo, nel mese di giugno, con la fine dell\u2019anno scolastico ed il conseguente periodo di pausa  estiva dell\u2019attivit\u00e0 didattica, avviene  la risoluzione temporanea del rapporto di lavoro  che verr\u00e0 riavviata nel mese di settembre con l\u2019inizio del nuovo anno scolastico. Tale posizione giuridica del rapporto di lavoro nuoce non solo ai lavoratori, i quali durante il periodo estivo non percepiscono n\u00e9 stipendio n\u00e9 tantomeno indennit\u00e0 di disoccupazione, ma anche e soprattutto le famiglie degli alunni disabili i quali nello stesso periodo in moltissime occasioni, non sanno come affrontare le difficolt\u00e0 relative  all\u2019assistenza del disabile stesso. Ad avviso della scrivente organizzazione sindacale il sindaco metropolitano dovrebbe intervenire presso il competente Assessorato Regionale alla Famiglia e Politiche Sociali richiedendo l\u2019attivazione di progetti estivi (Lidi Balneari, Campus estivi, etc)<\/em><\/p>\n\n\n\n<p><em>garantendo cos\u00ec l\u2019attivit\u00e0 lavorativa dei dipendenti delle cooperative che potrebbero continuare a svolgere  assistenza specialistica dal mese di luglio al mese di settembre. Tutto ci\u00f2, consentirebbe ai lavoratori di questo particolarissimo settore di affrontare con maggiore serenit\u00e0 un momento socio economico particolarmente difficile, evitando cos\u00ec alle proprie famiglie  di ricorrere a prestiti per l\u2019acquisto dei beni di prima necessit\u00e0.<\/em><\/p>\n\n\n\n<p><em>Inoltre, la realizzazione di tali progetti, garantirebbe non solo le famiglie dei disabili ma soprattutto i disabili stessi, attraverso  le iniziative legate alle attivit\u00e0 ricreative . <\/em><\/p>\n\n\n\n<p><em>Siamo certi della sensibilit\u00e0 della S.V. nei confronti principalmente delle persone particolarmente svantaggiate che potrebbero trovare tanti benefici dalle iniziative che si  potrebbero mettere in campo con i finanziamenti Regionali\u201d.<\/em><\/p>\n\n\n\n<p><em>Conclude la nota a firma di Livio Andronico, segretario generale della Uil-Fpl Messina e dei referenti aziendali Danilo Cavallaro, Lettrio Sollina e Gaetano Aric\u00f2.<\/em><\/p>\n","protected":false},"excerpt":{"rendered":"<p>Personale igieni alla Citt\u00e0 Metropolitana di Messina, c&#8217;\u00e8 una proposta di legge regionale presentata dal Pd che prevede l&#8217;impiego del personale anche nel periodo estivo e non solo per la durata dell&#8217;anno scolastico. Sull&#8217;argomento interviene la Uil-Fpl di Messina sollecitando il sindaco metropolitano, Federico Basile, affinch\u00e9 solleciti la Regione per consentire ai lavoratori di potere [&hellip;]<\/p>\n","protected":false},"author":2,"featured_media":188754,"comment_status":"open","ping_status":"open","sticky":false,"template":"","format":"standard","meta":{"ub_ctt_via":"","_mi_skip_tracking":false},"categories":[6],"tags":[8453,2972,2462,9630,115],"featured_image_src":"https:\/\/www.messinaoggi.it\/website\/wp-content\/uploads\/2024\/02\/0-8.jpg","author_info":{"display_name":"Redazione","author_link":"https:\/\/www.messinaoggi.it\/website\/author\/redazione\/"},"digistream_id":0,"digistream":false,"_links":{"self":[{"href":"https:\/\/www.messinaoggi.it\/website\/wp-json\/wp\/v2\/posts\/188749"}],"collection":[{"href":"https:\/\/www.messinaoggi.it\/website\/wp-json\/wp\/v2\/posts"}],"about":[{"href":"https:\/\/www.messinaoggi.it\/website\/wp-json\/wp\/v2\/types\/post"}],"author":[{"embeddable":true,"href":"https:\/\/www.messinaoggi.it\/website\/wp-json\/wp\/v2\/users\/2"}],"replies":[{"embeddable":true,"href":"https:\/\/www.messinaoggi.it\/website\/wp-json\/wp\/v2\/comments?post=188749"}],"version-history":[{"count":2,"href":"https:\/\/www.messinaoggi.it\/website\/wp-json\/wp\/v2\/posts\/188749\/revisions"}],"predecessor-version":[{"id":188876,"href":"https:\/\/www.messinaoggi.it\/website\/wp-json\/wp\/v2\/posts\/188749\/revisions\/188876"}],"wp:featuredmedia":[{"embeddable":true,"href":"https:\/\/www.messinaoggi.it\/website\/wp-json\/wp\/v2\/media\/188754"}],"wp:attachment":[{"href":"https:\/\/www.messinaoggi.it\/website\/wp-json\/wp\/v2\/media?parent=188749"}],"wp:term":[{"taxonomy":"category","embeddable":true,"href":"https:\/\/www.messinaoggi.it\/website\/wp-json\/wp\/v2\/categories?post=188749"},{"taxonomy":"post_tag","embeddable":true,"href":"https:\/\/www.messinaoggi.it\/website\/wp-json\/wp\/v2\/tags?post=188749"}],"curies":[{"name":"wp","href":"https:\/\/api.w.org\/{rel}","templated":true}]}}