{"id":18870,"date":"2018-05-03T09:29:25","date_gmt":"2018-05-03T07:29:25","guid":{"rendered":"http:\/\/www.messinaoggi.it\/website\/?p=18870"},"modified":"2018-05-03T09:29:25","modified_gmt":"2018-05-03T07:29:25","slug":"finanziaria-grasso-lo-sviluppo-di-messina-al-centro-del-nostro-programma","status":"publish","type":"post","link":"https:\/\/www.messinaoggi.it\/website\/2018\/05\/03\/finanziaria-grasso-lo-sviluppo-di-messina-al-centro-del-nostro-programma\/","title":{"rendered":"Finanziaria, Grasso: &quot;Lo sviluppo di Messina al centro del nostro programma&quot;"},"content":{"rendered":"<p style=\"text-align: justify\">\u201cIntanto siamo contenti di aver dato una Finanziaria alla Sicilia, che abbiamo trovato in condizioni drammatiche. Successivamente mi preme sottolineare gli sforzi del Governo regionale per aumentare i fondi per la disabilit\u00e0 e l\u2019autismo ma anche per le Citt\u00e0 Metropolitane\u201d. L\u2019assessore regionale agli Enti Locali, Bernadette Grasso, parla a pochi giorni dall\u2019approvazione della Finanziaria, una manovra in cui la citt\u00e0 Messina trova uno spazio primario. La citt\u00e0 aspettava delle risposte e le risposte sono arrivate, perch\u00e9 per troppo tempo Messina si \u00e8 sentita provincia di un impero che l\u2019ha soffocata, impedendogli di emergere.<div id=\"div-gpt-ad-Messinaoggi.it-DSK-300x250-corpoart\" style=\"text-align:center;margin:0 auto;\"><\/div><\/p>\n<p style=\"text-align: justify\">Adesso per\u00f2 qualche segnale positivo da Palermo \u00e8 arrivato, la Grasso sottolinea l\u2019attenzione del Governo alle esigenze del nostro territorio: \u201cLo sviluppo di Messina \u00e8 al centro del nostro programma di Governo \u2013 ha sottolineato &#8211;\u00a0 \u00e8 una realt\u00e0 che noi attenzioniamo continuamente. Andando nello specifico c\u2019\u00e8 da sottolineare\u00a0 come l\u2019onorevole De Luca abbia \u00a0avanzato numerosi emendamenti, questi per\u00f2 devono essere sottoposti all\u2019attenzione dell\u2019esecutivo che li deve discutere e riprogrammare. Poi la parola definitiva spetta alla maggioranza chiamata a votare gli emendamenti. Mi preme sottolineare come il centrodestra nel suo insieme abbia dato prova di grande compattezza e responsabilit\u00e0, perch\u00e9 prima di ogni cosa va puntato l\u2019obiettivo e noi l\u2019abbiamo raggiunto\u201d.<div id=\"videoincontent\" style=\"clear:both\";><\/div><\/p>\n<p style=\"text-align: justify\">In particolare la Grasso si sofferma sulla bonifica dell\u2019area dell\u2019ex Sanderson e dell\u2019agenzia al risanamento: \u201cNel primo caso stiamo parlando di una manovra da 22 milioni di euro, naturalmente il Comune di punto in bianco non pu\u00f2 assumere la titolarit\u00e0 di un\u2019area privata. Quei fondi sono finanziamenti europei, i fondi Poc che successivamente il Governo dovr\u00e0 riprogrammare e poi inviare al Consiglio dei Ministri. Anche l\u2019Agenzia per il Risanamento\u00a0 non sorger\u00e0 domani, ma \u00e8 il primo passo sostanziale verso l\u2019abolizione delle Iacp di cui ha parlato il Governatore Musumeci. Finalmente si snellir\u00e0 il procedimento per la riqualificazione delle aree urbane\u201d.<\/p>\n","protected":false},"excerpt":{"rendered":"<p>\u201cIntanto siamo contenti di aver dato una Finanziaria alla Sicilia, che abbiamo trovato in condizioni drammatiche. Successivamente mi preme sottolineare gli sforzi del Governo regionale per aumentare i fondi per la disabilit\u00e0 e l\u2019autismo ma anche per le Citt\u00e0 Metropolitane\u201d. L\u2019assessore regionale agli Enti Locali, Bernadette Grasso, parla a pochi giorni dall\u2019approvazione della Finanziaria, una [&hellip;]<\/p>\n","protected":false},"author":14,"featured_media":2211,"comment_status":"closed","ping_status":"open","sticky":false,"template":"","format":"standard","meta":{"ub_ctt_via":"","_mi_skip_tracking":false},"categories":[19],"tags":[],"featured_image_src":"https:\/\/www.messinaoggi.it\/website\/wp-content\/uploads\/2017\/06\/grasso-bernadette-deputato-2.jpg","author_info":{"display_name":"Antonio Macauda","author_link":"https:\/\/www.messinaoggi.it\/website\/author\/a-macauda\/"},"digistream_id":0,"digistream":false,"_links":{"self":[{"href":"https:\/\/www.messinaoggi.it\/website\/wp-json\/wp\/v2\/posts\/18870"}],"collection":[{"href":"https:\/\/www.messinaoggi.it\/website\/wp-json\/wp\/v2\/posts"}],"about":[{"href":"https:\/\/www.messinaoggi.it\/website\/wp-json\/wp\/v2\/types\/post"}],"author":[{"embeddable":true,"href":"https:\/\/www.messinaoggi.it\/website\/wp-json\/wp\/v2\/users\/14"}],"replies":[{"embeddable":true,"href":"https:\/\/www.messinaoggi.it\/website\/wp-json\/wp\/v2\/comments?post=18870"}],"version-history":[{"count":0,"href":"https:\/\/www.messinaoggi.it\/website\/wp-json\/wp\/v2\/posts\/18870\/revisions"}],"wp:featuredmedia":[{"embeddable":true,"href":"https:\/\/www.messinaoggi.it\/website\/wp-json\/wp\/v2\/media\/2211"}],"wp:attachment":[{"href":"https:\/\/www.messinaoggi.it\/website\/wp-json\/wp\/v2\/media?parent=18870"}],"wp:term":[{"taxonomy":"category","embeddable":true,"href":"https:\/\/www.messinaoggi.it\/website\/wp-json\/wp\/v2\/categories?post=18870"},{"taxonomy":"post_tag","embeddable":true,"href":"https:\/\/www.messinaoggi.it\/website\/wp-json\/wp\/v2\/tags?post=18870"}],"curies":[{"name":"wp","href":"https:\/\/api.w.org\/{rel}","templated":true}]}}