{"id":188651,"date":"2024-02-25T20:08:08","date_gmt":"2024-02-25T19:08:08","guid":{"rendered":"https:\/\/www.messinaoggi.it\/website\/2024\/02\/25\/il-sassuolo-esonera-dionisi-panchina-a-bigica\/"},"modified":"2024-02-25T20:08:08","modified_gmt":"2024-02-25T19:08:08","slug":"il-sassuolo-esonera-dionisi-panchina-a-bigica","status":"publish","type":"post","link":"https:\/\/www.messinaoggi.it\/website\/2024\/02\/25\/il-sassuolo-esonera-dionisi-panchina-a-bigica\/","title":{"rendered":"Il Sassuolo esonera Dionisi, panchina a Bigica"},"content":{"rendered":"<div>SASSUOLO (MODENA) (ITALPRESS) &#8211; La notizia era nell&#8217;aria gi\u00e0 dalla scorsa serata, adesso \u00e8 arrivata l&#8217;ufficialit\u00e0: Alessio Dionisi non \u00e8 pi\u00f9 l&#8217;allenatore del Sassuolo. Il club ha annunciato di averlo sollevato &#8220;dall&#8217;incarico di responsabile tecnico della Prima squadra&#8221;. La societ\u00e0 ringrazia il tecnico e il suo staff per l&#8217;impegno profuso e la seriet\u00e0 dimostrata alla guida dei neroverdi e augura a lui e ai suoi collaboratori le migliori fortune per il futuro&#8221;, si legge nella nota odierna.<br \/>Fatale a Dionisi, 43 anni, la sconfitta di ieri contro l&#8217;Empoli, al Mapei Stadium, maturata nel recupero: la squadra neroverde ha raccolto soltanto 5 punti nelle ultime 12 partite, precipitando al penultimo posto &#8211; a pari merito con Cagliari e Verona &#8211; a quota 20 dopo 26 giornate. La guida della prima squadra &#8220;viene affidata momentaneamente al tecnico della Primavera, Emiliano Bigica&#8221;, fa sapere ancora il Sassuolo. Sar\u00e0 dunque l&#8217;ex centrocampista, classe 1973, ad andare in panchina gi\u00e0 dal recupero di mercoled\u00ec contro il Napoli.<br \/>Dionisi era arrivato al Sassuolo nell&#8217;estate 2021, reduce dall&#8217;esperienza a Empoli, chiudendo la prima stagione all&#8217;undicesimo posto e quella successiva al tredicesimo.<br \/>&#8211; foto Ipa Agency &#8211;<br \/>(ITALPRESS).<\/div>\n<div id=\"div-gpt-ad-Messinaoggi.it-DSK-300x250-corpoart\" style=\"text-align:center;margin:0 auto;\"><\/div><\/p><div id=\"videoincontent\" style=\"clear:both\";><\/div>","protected":false},"excerpt":{"rendered":"<p>SASSUOLO (MODENA) (ITALPRESS) &#8211; La notizia era nell&#8217;aria gi\u00e0 dalla scorsa serata, adesso \u00e8 arrivata l&#8217;ufficialit\u00e0: Alessio Dionisi non \u00e8 pi\u00f9 l&#8217;allenatore del Sassuolo. Il club ha annunciato di averlo sollevato &#8220;dall&#8217;incarico di responsabile tecnico della Prima squadra&#8221;. La societ\u00e0 ringrazia il tecnico e il suo staff per l&#8217;impegno profuso e la seriet\u00e0 dimostrata alla [&hellip;]<\/p>\n","protected":false},"author":18,"featured_media":188652,"comment_status":"closed","ping_status":"closed","sticky":false,"template":"","format":"standard","meta":{"ub_ctt_via":"","_mi_skip_tracking":false},"categories":[446],"tags":[783],"featured_image_src":"https:\/\/www.messinaoggi.it\/website\/wp-content\/uploads\/2024\/02\/20240225_1962.jpg","author_info":{"display_name":"Admin","author_link":"https:\/\/www.messinaoggi.it\/website\/author\/admin\/"},"digistream_id":0,"digistream":false,"_links":{"self":[{"href":"https:\/\/www.messinaoggi.it\/website\/wp-json\/wp\/v2\/posts\/188651"}],"collection":[{"href":"https:\/\/www.messinaoggi.it\/website\/wp-json\/wp\/v2\/posts"}],"about":[{"href":"https:\/\/www.messinaoggi.it\/website\/wp-json\/wp\/v2\/types\/post"}],"author":[{"embeddable":true,"href":"https:\/\/www.messinaoggi.it\/website\/wp-json\/wp\/v2\/users\/18"}],"replies":[{"embeddable":true,"href":"https:\/\/www.messinaoggi.it\/website\/wp-json\/wp\/v2\/comments?post=188651"}],"version-history":[{"count":0,"href":"https:\/\/www.messinaoggi.it\/website\/wp-json\/wp\/v2\/posts\/188651\/revisions"}],"wp:featuredmedia":[{"embeddable":true,"href":"https:\/\/www.messinaoggi.it\/website\/wp-json\/wp\/v2\/media\/188652"}],"wp:attachment":[{"href":"https:\/\/www.messinaoggi.it\/website\/wp-json\/wp\/v2\/media?parent=188651"}],"wp:term":[{"taxonomy":"category","embeddable":true,"href":"https:\/\/www.messinaoggi.it\/website\/wp-json\/wp\/v2\/categories?post=188651"},{"taxonomy":"post_tag","embeddable":true,"href":"https:\/\/www.messinaoggi.it\/website\/wp-json\/wp\/v2\/tags?post=188651"}],"curies":[{"name":"wp","href":"https:\/\/api.w.org\/{rel}","templated":true}]}}