{"id":188629,"date":"2024-02-25T14:08:06","date_gmt":"2024-02-25T13:08:06","guid":{"rendered":"https:\/\/www.messinaoggi.it\/website\/2024\/02\/25\/ucraina-papa-trovare-soluzione-diplomatica-per-pace-lunga-e-duratura\/"},"modified":"2024-02-25T14:08:06","modified_gmt":"2024-02-25T13:08:06","slug":"ucraina-papa-trovare-soluzione-diplomatica-per-pace-lunga-e-duratura","status":"publish","type":"post","link":"https:\/\/www.messinaoggi.it\/website\/2024\/02\/25\/ucraina-papa-trovare-soluzione-diplomatica-per-pace-lunga-e-duratura\/","title":{"rendered":"Ucraina, Papa \u201cTrovare soluzione diplomatica per pace lunga e duratura\u201d"},"content":{"rendered":"<div>ROMA (ITALPRESS) &#8211; &#8220;Ieri abbiamo ricordato con dolore il secondo anniversario dell&#8217;inizio della guerra in Ucraina, con tantissime vittime, feriti, carestie, in un periodo terribilmente lungo e del quale non si vede la fine&#8221;. Cos\u00ec Papa Francesco nel corso del suo messaggio dell&#8217;Angelus domenicale a piazza San Pietro. &#8220;Una guerra che non sta devastando solo quei territori ma che ha creato un&#8217;ondata globale di paura. Prego per tutte le numerosissime vittime innocenti e perch\u00e8 si trovi un p\u00f2 di umanit\u00e0 che permetta di trovare una soluzione diplomatica per una pace lunga e duratura&#8221; ha aggiunto il Pontefice che poi ha ricordato anche la guerra che coinvolge Palestina e Israele: &#8220;Pensiamo ai bambini, vittime innocenti&#8221;, quindi le situazioni di violenza nella zona orientale della Repubblica del Congo: &#8220;Mi unisco ai vescovi nel pregare per la pace, auspicando la cessazione degli scontri e per trovare un dialogo sincero&#8221;. Il Santo Padre ha chiesto di pregare anche perch\u00e8 cessi il dilagare dei rapimenti in Nigeria. Infine ha ricordato la popolazione della Mongolia, colpita da un freddo che sta creando gravi problemi umanitari: &#8220;E&#8217; il segno del cambiamento climatico e dei suo effetti che incide in profondit\u00e0, soprattuto sui pi\u00f9 vulnerabili. Servono scelte sagge e coraggiose per contribuire alla cura del creato&#8221; ha concluso Francesco.<div id=\"div-gpt-ad-Messinaoggi.it-DSK-300x250-corpoart\" style=\"text-align:center;margin:0 auto;\"><\/div><\/p>\n<p>Foto: Agenzia Fotogramma &#8211;<br \/>\n(ITALPRESS).<div id=\"videoincontent\" style=\"clear:both\";><\/div><\/p><\/div>\n","protected":false},"excerpt":{"rendered":"<p>ROMA (ITALPRESS) &#8211; &#8220;Ieri abbiamo ricordato con dolore il secondo anniversario dell&#8217;inizio della guerra in Ucraina, con tantissime vittime, feriti, carestie, in un periodo terribilmente lungo e del quale non si vede la fine&#8221;. Cos\u00ec Papa Francesco nel corso del suo messaggio dell&#8217;Angelus domenicale a piazza San Pietro. &#8220;Una guerra che non sta devastando solo [&hellip;]<\/p>\n","protected":false},"author":18,"featured_media":188630,"comment_status":"closed","ping_status":"closed","sticky":false,"template":"","format":"standard","meta":{"ub_ctt_via":"","_mi_skip_tracking":false},"categories":[446],"tags":[783],"featured_image_src":"https:\/\/www.messinaoggi.it\/website\/wp-content\/uploads\/2024\/02\/20240225_0377.jpg","author_info":{"display_name":"Admin","author_link":"https:\/\/www.messinaoggi.it\/website\/author\/admin\/"},"digistream_id":0,"digistream":false,"_links":{"self":[{"href":"https:\/\/www.messinaoggi.it\/website\/wp-json\/wp\/v2\/posts\/188629"}],"collection":[{"href":"https:\/\/www.messinaoggi.it\/website\/wp-json\/wp\/v2\/posts"}],"about":[{"href":"https:\/\/www.messinaoggi.it\/website\/wp-json\/wp\/v2\/types\/post"}],"author":[{"embeddable":true,"href":"https:\/\/www.messinaoggi.it\/website\/wp-json\/wp\/v2\/users\/18"}],"replies":[{"embeddable":true,"href":"https:\/\/www.messinaoggi.it\/website\/wp-json\/wp\/v2\/comments?post=188629"}],"version-history":[{"count":0,"href":"https:\/\/www.messinaoggi.it\/website\/wp-json\/wp\/v2\/posts\/188629\/revisions"}],"wp:featuredmedia":[{"embeddable":true,"href":"https:\/\/www.messinaoggi.it\/website\/wp-json\/wp\/v2\/media\/188630"}],"wp:attachment":[{"href":"https:\/\/www.messinaoggi.it\/website\/wp-json\/wp\/v2\/media?parent=188629"}],"wp:term":[{"taxonomy":"category","embeddable":true,"href":"https:\/\/www.messinaoggi.it\/website\/wp-json\/wp\/v2\/categories?post=188629"},{"taxonomy":"post_tag","embeddable":true,"href":"https:\/\/www.messinaoggi.it\/website\/wp-json\/wp\/v2\/tags?post=188629"}],"curies":[{"name":"wp","href":"https:\/\/api.w.org\/{rel}","templated":true}]}}