{"id":188623,"date":"2024-02-25T12:08:07","date_gmt":"2024-02-25T11:08:07","guid":{"rendered":"https:\/\/www.messinaoggi.it\/website\/2024\/02\/25\/ponte-stretto-ciucci-avvieremo-attivita-entro-lestate\/"},"modified":"2024-02-25T12:08:07","modified_gmt":"2024-02-25T11:08:07","slug":"ponte-stretto-ciucci-avvieremo-attivita-entro-lestate","status":"publish","type":"post","link":"https:\/\/www.messinaoggi.it\/website\/2024\/02\/25\/ponte-stretto-ciucci-avvieremo-attivita-entro-lestate\/","title":{"rendered":"Ponte Stretto, Ciucci \u201cAvvieremo attivit\u00e0 entro l\u2019estate\u201d"},"content":{"rendered":"<div>ROMA (ITALPRESS) &#8211; &#8220;Come tutti i programmi si fissano degli obiettivi che puntano al massimo risultato possibile. Stiamo gi\u00e0 trasmettendo la documentazione appena approvata il quindici febbraio ai ministeri competenti, oltre alle valutazioni sull&#8217;impatto ambientali. Queste attivit\u00e0 dovrebbero concludersi entro la fine di giugno, in modo tale da poter avviare le attivit\u00e0 sul territorio in estate. Come tutti i progetti complessi ci vuole tempo, non si tratta di una struttura che si costruisce in un attimo. Il nostro ottimismo deriva da fatti concreti finora accaduti. Abbiamo un Parlamento e un Governo che hanno deciso di avviare un&#8217;attivit\u00e0 che, a detta loro, ha un&#8217;assoluta priorit\u00e0, dando piena misura all&#8217;investimento. Questi non sono fattori marginali&#8221;. Cos\u00ec Pietro Ciucci, Ad della societ\u00e0 Stretto di Messina, a margine della scuola politica della Lega. <div id=\"div-gpt-ad-Messinaoggi.it-DSK-300x250-corpoart\" style=\"text-align:center;margin:0 auto;\"><\/div><\/p>\n<p>foto: Agenzia Fotogramma &#8211;<div id=\"videoincontent\" style=\"clear:both\";><\/div><\/p>\n<p>(ITALPRESS).<\/p><\/div>\n","protected":false},"excerpt":{"rendered":"<p>ROMA (ITALPRESS) &#8211; &#8220;Come tutti i programmi si fissano degli obiettivi che puntano al massimo risultato possibile. Stiamo gi\u00e0 trasmettendo la documentazione appena approvata il quindici febbraio ai ministeri competenti, oltre alle valutazioni sull&#8217;impatto ambientali. Queste attivit\u00e0 dovrebbero concludersi entro la fine di giugno, in modo tale da poter avviare le attivit\u00e0 sul territorio in [&hellip;]<\/p>\n","protected":false},"author":18,"featured_media":188624,"comment_status":"closed","ping_status":"closed","sticky":false,"template":"","format":"standard","meta":{"ub_ctt_via":"","_mi_skip_tracking":false},"categories":[446],"tags":[783],"featured_image_src":"https:\/\/www.messinaoggi.it\/website\/wp-content\/uploads\/2024\/02\/20240225_0220.jpg","author_info":{"display_name":"Admin","author_link":"https:\/\/www.messinaoggi.it\/website\/author\/admin\/"},"digistream_id":0,"digistream":false,"_links":{"self":[{"href":"https:\/\/www.messinaoggi.it\/website\/wp-json\/wp\/v2\/posts\/188623"}],"collection":[{"href":"https:\/\/www.messinaoggi.it\/website\/wp-json\/wp\/v2\/posts"}],"about":[{"href":"https:\/\/www.messinaoggi.it\/website\/wp-json\/wp\/v2\/types\/post"}],"author":[{"embeddable":true,"href":"https:\/\/www.messinaoggi.it\/website\/wp-json\/wp\/v2\/users\/18"}],"replies":[{"embeddable":true,"href":"https:\/\/www.messinaoggi.it\/website\/wp-json\/wp\/v2\/comments?post=188623"}],"version-history":[{"count":0,"href":"https:\/\/www.messinaoggi.it\/website\/wp-json\/wp\/v2\/posts\/188623\/revisions"}],"wp:featuredmedia":[{"embeddable":true,"href":"https:\/\/www.messinaoggi.it\/website\/wp-json\/wp\/v2\/media\/188624"}],"wp:attachment":[{"href":"https:\/\/www.messinaoggi.it\/website\/wp-json\/wp\/v2\/media?parent=188623"}],"wp:term":[{"taxonomy":"category","embeddable":true,"href":"https:\/\/www.messinaoggi.it\/website\/wp-json\/wp\/v2\/categories?post=188623"},{"taxonomy":"post_tag","embeddable":true,"href":"https:\/\/www.messinaoggi.it\/website\/wp-json\/wp\/v2\/tags?post=188623"}],"curies":[{"name":"wp","href":"https:\/\/api.w.org\/{rel}","templated":true}]}}