{"id":188613,"date":"2024-02-25T10:08:05","date_gmt":"2024-02-25T09:08:05","guid":{"rendered":"https:\/\/www.messinaoggi.it\/website\/2024\/02\/25\/piantedosi-non-abbiamo-cambiato-le-regole-valuteremo-gli-eccessi\/"},"modified":"2024-02-25T10:08:05","modified_gmt":"2024-02-25T09:08:05","slug":"piantedosi-non-abbiamo-cambiato-le-regole-valuteremo-gli-eccessi","status":"publish","type":"post","link":"https:\/\/www.messinaoggi.it\/website\/2024\/02\/25\/piantedosi-non-abbiamo-cambiato-le-regole-valuteremo-gli-eccessi\/","title":{"rendered":"Piantedosi \u201cNon abbiamo cambiato le regole, valuteremo gli eccessi\u201d"},"content":{"rendered":"<div>MILANO (ITALPRESS) &#8211; &#8220;Ho parlato con il presidente. Condivido le sue parole come le condividono tutti i poliziotti. Tutti noi auspichiamo sempre che le manifestazioni pubbliche si svolgano pacificamente e senza incidenti. Fondamentale in tale senso \u00e8 anche la collaborazione degli stessi manifestanti&#8221;. Cos\u00ec il ministro dell&#8217;Interno Matteo Piantedosi in una intervista a &#8220;Il Corriere della Sera&#8221; parla di quanto avvenuto a Pisa con le cariche della polizia agli studenti che manifestavano per la Palestina e il richiamo del presidente della Repubblica Sergio Mattarella che ha ben spiegato che &#8220;l&#8217;uso dei manganelli&#8221;, in particolare con i ragazzi, &#8220;rappresenta sempre un fallimento&#8221;. Piantedosi, poi, smentisce che ormai ogni manifestazione \u00e8 segnata dalle manganellate. &#8220;Io guardo i dati e dico che non \u00e8 cos\u00ec. Da pi\u00f9 di un anno le manifestazioni pubbliche gestite dalle forze dell&#8217;ordine sono state oltre 13 mila, e di queste solo una minima parte ha fatto registrare incidenti, peraltro con una prevalenza di feriti tra le forze dell&#8217;ordine rispetto ai manifestanti. Dal riacutizzarsi del conflitto israeliano-palestinese l&#8217;impegno \u00e8 notevolmente accresciuto. Dal 7 ottobre scorso sono state pi\u00f9 di mille le manifestazioni e soltanto nel 3% dei casi si sono registrati incidenti&#8221;. Il ministro, quindi alla domanda se non crede sia necessario intervenire, risponde: &#8220;Io posso dire che siamo aperti a ogni analisi, anche autocritica, allorquando anche una sola manifestazione tra le migliaia ci ponesse il problema di verificare se tutto \u00e8 andato per il verso giusto&#8221;. A Pisa e Firenze gli agenti hanno rincorso ragazzini di 15 anni&#8230; &#8220;Vedere quelle immagini ha contrariato e amareggiato anche me. Quando si giunge al contatto fisico con ragazzi minorenni \u00e8 in ogni caso doveroso svolgere ogni esame obiettivo su come siano andati i fatti. Ho chiesto di avere una dettagliata relazione sullo svolgimento degli eventi e su quale possibile attivit\u00e0 di mediazione sia stata sviluppata per prevenire quegli incidenti che non fanno bene n\u00e8 ai manifestanti n\u00e8 agli operatori che erano sul campo. E nemmeno a tutti noi&#8221;. Alla domanda se l&#8217;Italia \u00e8 un un Paese autoritario, dice: &#8220;Il riferimento ai numeri che ho dato &#8211; riguardo all&#8217;impegno che viene messo nella gestione delle manifestazioni di ordine pubblico e al fatto che la quasi totalit\u00e0 si svolga senza incidenti &#8211; testimonia quanto le nostre forze dell&#8217;ordine siano attrezzate per svolgere il proprio compito in linea con le nostre caratteristiche di Paese maturo e democratico. E&#8217; molto importante tenerlo presente ed evitare che singoli incidenti, pur gravi, vengano mai utilizzati da qualcuno per volgari strumentalizzazioni e distorte rappresentazioni della realt\u00e0&#8221;.<div id=\"div-gpt-ad-Messinaoggi.it-DSK-300x250-corpoart\" style=\"text-align:center;margin:0 auto;\"><\/div><\/p>\n<p>&#8211; foto: Agenzia Fotogramma &#8211;<br \/>\n(ITALPRESS).<div id=\"videoincontent\" style=\"clear:both\";><\/div><\/p><\/div>\n","protected":false},"excerpt":{"rendered":"<p>MILANO (ITALPRESS) &#8211; &#8220;Ho parlato con il presidente. Condivido le sue parole come le condividono tutti i poliziotti. Tutti noi auspichiamo sempre che le manifestazioni pubbliche si svolgano pacificamente e senza incidenti. Fondamentale in tale senso \u00e8 anche la collaborazione degli stessi manifestanti&#8221;. Cos\u00ec il ministro dell&#8217;Interno Matteo Piantedosi in una intervista a &#8220;Il Corriere [&hellip;]<\/p>\n","protected":false},"author":18,"featured_media":188614,"comment_status":"closed","ping_status":"closed","sticky":false,"template":"","format":"standard","meta":{"ub_ctt_via":"","_mi_skip_tracking":false},"categories":[446],"tags":[783],"featured_image_src":"https:\/\/www.messinaoggi.it\/website\/wp-content\/uploads\/2024\/02\/20240225_0163.jpg","author_info":{"display_name":"Admin","author_link":"https:\/\/www.messinaoggi.it\/website\/author\/admin\/"},"digistream_id":0,"digistream":false,"_links":{"self":[{"href":"https:\/\/www.messinaoggi.it\/website\/wp-json\/wp\/v2\/posts\/188613"}],"collection":[{"href":"https:\/\/www.messinaoggi.it\/website\/wp-json\/wp\/v2\/posts"}],"about":[{"href":"https:\/\/www.messinaoggi.it\/website\/wp-json\/wp\/v2\/types\/post"}],"author":[{"embeddable":true,"href":"https:\/\/www.messinaoggi.it\/website\/wp-json\/wp\/v2\/users\/18"}],"replies":[{"embeddable":true,"href":"https:\/\/www.messinaoggi.it\/website\/wp-json\/wp\/v2\/comments?post=188613"}],"version-history":[{"count":0,"href":"https:\/\/www.messinaoggi.it\/website\/wp-json\/wp\/v2\/posts\/188613\/revisions"}],"wp:featuredmedia":[{"embeddable":true,"href":"https:\/\/www.messinaoggi.it\/website\/wp-json\/wp\/v2\/media\/188614"}],"wp:attachment":[{"href":"https:\/\/www.messinaoggi.it\/website\/wp-json\/wp\/v2\/media?parent=188613"}],"wp:term":[{"taxonomy":"category","embeddable":true,"href":"https:\/\/www.messinaoggi.it\/website\/wp-json\/wp\/v2\/categories?post=188613"},{"taxonomy":"post_tag","embeddable":true,"href":"https:\/\/www.messinaoggi.it\/website\/wp-json\/wp\/v2\/tags?post=188613"}],"curies":[{"name":"wp","href":"https:\/\/api.w.org\/{rel}","templated":true}]}}