{"id":188590,"date":"2024-02-24T19:08:08","date_gmt":"2024-02-24T18:08:08","guid":{"rendered":"https:\/\/www.messinaoggi.it\/website\/2024\/02\/24\/forza-italia-tajani-eletto-segretario-nazionale\/"},"modified":"2024-02-24T19:08:08","modified_gmt":"2024-02-24T18:08:08","slug":"forza-italia-tajani-eletto-segretario-nazionale","status":"publish","type":"post","link":"https:\/\/www.messinaoggi.it\/website\/2024\/02\/24\/forza-italia-tajani-eletto-segretario-nazionale\/","title":{"rendered":"Forza Italia, Tajani eletto segretario nazionale"},"content":{"rendered":"<div>ROMA (ITALPRESS) &#8211; Antonio Tajani \u00e8 stato eletto segretario nazionale di Forza Italia. La votazione \u00e8 avvenuta all&#8217;unanimit\u00e0. &#8220;I nostri alleati non hanno nulla da temere da noi, ma nessuno pu\u00f2 chiederci di rinunciare alla nostra identit\u00e0&#8221;, ha detto Tajani, a conclusione del suo intervento da neoeletto segretario di Fi. L&#8217;assemblea dei delegati del congresso di Forza Italia ha eletto i quattro vicesegretari: Deborah Bergamini, Roberto Occhiuto, Alberto Cirio e Stefano Benigni. <br \/>-foto Agenzia Fotogramma-<br \/>(ITALPRESS).<\/div>\n<div id=\"div-gpt-ad-Messinaoggi.it-DSK-300x250-corpoart\" style=\"text-align:center;margin:0 auto;\"><\/div><\/p><div id=\"videoincontent\" style=\"clear:both\";><\/div>","protected":false},"excerpt":{"rendered":"<p>ROMA (ITALPRESS) &#8211; Antonio Tajani \u00e8 stato eletto segretario nazionale di Forza Italia. La votazione \u00e8 avvenuta all&#8217;unanimit\u00e0. &#8220;I nostri alleati non hanno nulla da temere da noi, ma nessuno pu\u00f2 chiederci di rinunciare alla nostra identit\u00e0&#8221;, ha detto Tajani, a conclusione del suo intervento da neoeletto segretario di Fi. L&#8217;assemblea dei delegati del congresso [&hellip;]<\/p>\n","protected":false},"author":18,"featured_media":188591,"comment_status":"closed","ping_status":"closed","sticky":false,"template":"","format":"standard","meta":{"ub_ctt_via":"","_mi_skip_tracking":false},"categories":[446],"tags":[783],"featured_image_src":"https:\/\/www.messinaoggi.it\/website\/wp-content\/uploads\/2024\/02\/20240224_1525.jpg","author_info":{"display_name":"Admin","author_link":"https:\/\/www.messinaoggi.it\/website\/author\/admin\/"},"digistream_id":0,"digistream":false,"_links":{"self":[{"href":"https:\/\/www.messinaoggi.it\/website\/wp-json\/wp\/v2\/posts\/188590"}],"collection":[{"href":"https:\/\/www.messinaoggi.it\/website\/wp-json\/wp\/v2\/posts"}],"about":[{"href":"https:\/\/www.messinaoggi.it\/website\/wp-json\/wp\/v2\/types\/post"}],"author":[{"embeddable":true,"href":"https:\/\/www.messinaoggi.it\/website\/wp-json\/wp\/v2\/users\/18"}],"replies":[{"embeddable":true,"href":"https:\/\/www.messinaoggi.it\/website\/wp-json\/wp\/v2\/comments?post=188590"}],"version-history":[{"count":0,"href":"https:\/\/www.messinaoggi.it\/website\/wp-json\/wp\/v2\/posts\/188590\/revisions"}],"wp:featuredmedia":[{"embeddable":true,"href":"https:\/\/www.messinaoggi.it\/website\/wp-json\/wp\/v2\/media\/188591"}],"wp:attachment":[{"href":"https:\/\/www.messinaoggi.it\/website\/wp-json\/wp\/v2\/media?parent=188590"}],"wp:term":[{"taxonomy":"category","embeddable":true,"href":"https:\/\/www.messinaoggi.it\/website\/wp-json\/wp\/v2\/categories?post=188590"},{"taxonomy":"post_tag","embeddable":true,"href":"https:\/\/www.messinaoggi.it\/website\/wp-json\/wp\/v2\/tags?post=188590"}],"curies":[{"name":"wp","href":"https:\/\/api.w.org\/{rel}","templated":true}]}}