{"id":188491,"date":"2024-02-23T19:31:38","date_gmt":"2024-02-23T18:31:38","guid":{"rendered":"http:\/\/www.messinaoggi.it\/website\/?p=188491"},"modified":"2024-02-23T19:31:39","modified_gmt":"2024-02-23T18:31:39","slug":"formazione-abilitanti-docenti-unime-leader-in-italia","status":"publish","type":"post","link":"https:\/\/www.messinaoggi.it\/website\/2024\/02\/23\/formazione-abilitanti-docenti-unime-leader-in-italia\/","title":{"rendered":"Formazione abilitanti docenti, UniMe leader in Italia"},"content":{"rendered":"\n<p>Sono 40 i Percorsi di formazione abilitanti dei docenti delle Scuole secondarie di I e II grado per cui l\u2019Universit\u00e0 di Messina ha ricevuto dal MUR l\u2019accreditamento. Questo risultato fa dell\u2019Ateneo peloritano la seconda Universit\u00e0 italiana per numero di Percorsi accreditati (la prima del Sud Italia, in tandem con Salerno).  Nello specifico, si tratta di Corsi da 30, 36 e 60 CFU con differenti requisiti d\u2019accesso.<div id=\"div-gpt-ad-Messinaoggi.it-DSK-300x250-corpoart\" style=\"text-align:center;margin:0 auto;\"><\/div><\/p>\n\n\n\n<p>I Percorsi saranno a frequenza obbligatoria e verranno erogati interamente in presenza. Per accedere alla prova finale \u00e8 necessaria una percentuale minima di presenza pari al 70% per ogni attivit\u00e0 formativa. In particolare, i percorsi da 30 CFU \u2013 per docenti gi\u00e0 abilitati o specializzati sul sostegno \u2013 saranno svolti secondo le modalit\u00e0 di cui all\u2019art. 13 del D.P.C.M. (anche mediante modalit\u00e0 telematiche in sincrono).<div id=\"videoincontent\" style=\"clear:both\";><\/div><\/p>\n\n\n\n<p>Le prassi di riconoscimento di eventuali crediti acquisiti durante gli studi universitari saranno specificate al momento dell\u2019attivazione dei Percorsi, in conformit\u00e0 con le \u2018Linee Guida per il riconoscimento dei crediti\u2019 in vigore.<\/p>\n\n\n\n<p>Per le procedure di ammissione, la sostenibilit\u00e0 e la programmazione, e tutte le informazioni utili all\u2019avvio dei Percorsi, si attendono appositi decreti ministeriali attuativi. Gli organi collegiali delibereranno i costi di partecipazione alla selezione, di iscrizione e ammissione alla prova finale.<\/p>\n\n\n\n<p>\u00c8 stato, inoltre, costituito il Centro Multidisciplinare per l\u2019Insegnamento e per l\u2019Apprendimento (Ce.Mu.I.A.) nella qualit\u00e0 di Struttura Didattica dell\u2019Ateneo deputata al coordinamento didattico e organizzativo delle iniziative dell\u2019Universit\u00e0 nell\u2019ambito della formazione iniziale e dell\u2019abilitazione degli insegnanti.<\/p>\n\n\n\n<p>\u201cDesidero ringraziare \u2013 ha detto la Rettrice, prof.ssa Giovanna Spatari \u2013 tutti coloro che all\u2019interno della Comunit\u00e0 Accademica si sono spesi affinch\u00e9 il nostro Ateneo potesse raggiungere questo importante risultato. Quanto ottenuto \u00e8 solo un inizio e, adesso, occorrer\u00e0 lavorare per una piena realizzazione che possa rispondere alle aspettative di tanti giovani del nostro territorio\u201d.<\/p>\n","protected":false},"excerpt":{"rendered":"<p>Sono 40 i Percorsi di formazione abilitanti dei docenti delle Scuole secondarie di I e II grado per cui l\u2019Universit\u00e0 di Messina ha ricevuto dal MUR l\u2019accreditamento. Questo risultato fa dell\u2019Ateneo peloritano la seconda Universit\u00e0 italiana per numero di Percorsi accreditati (la prima del Sud Italia, in tandem con Salerno). Nello specifico, si tratta di [&hellip;]<\/p>\n","protected":false},"author":2,"featured_media":178778,"comment_status":"open","ping_status":"open","sticky":false,"template":"","format":"standard","meta":{"ub_ctt_via":"","_mi_skip_tracking":false},"categories":[5,7],"tags":[9609,8626,612],"featured_image_src":"https:\/\/www.messinaoggi.it\/website\/wp-content\/uploads\/2023\/11\/giovanna-spatari.jpg","author_info":{"display_name":"Redazione","author_link":"https:\/\/www.messinaoggi.it\/website\/author\/redazione\/"},"digistream_id":0,"digistream":false,"_links":{"self":[{"href":"https:\/\/www.messinaoggi.it\/website\/wp-json\/wp\/v2\/posts\/188491"}],"collection":[{"href":"https:\/\/www.messinaoggi.it\/website\/wp-json\/wp\/v2\/posts"}],"about":[{"href":"https:\/\/www.messinaoggi.it\/website\/wp-json\/wp\/v2\/types\/post"}],"author":[{"embeddable":true,"href":"https:\/\/www.messinaoggi.it\/website\/wp-json\/wp\/v2\/users\/2"}],"replies":[{"embeddable":true,"href":"https:\/\/www.messinaoggi.it\/website\/wp-json\/wp\/v2\/comments?post=188491"}],"version-history":[{"count":1,"href":"https:\/\/www.messinaoggi.it\/website\/wp-json\/wp\/v2\/posts\/188491\/revisions"}],"predecessor-version":[{"id":188492,"href":"https:\/\/www.messinaoggi.it\/website\/wp-json\/wp\/v2\/posts\/188491\/revisions\/188492"}],"wp:featuredmedia":[{"embeddable":true,"href":"https:\/\/www.messinaoggi.it\/website\/wp-json\/wp\/v2\/media\/178778"}],"wp:attachment":[{"href":"https:\/\/www.messinaoggi.it\/website\/wp-json\/wp\/v2\/media?parent=188491"}],"wp:term":[{"taxonomy":"category","embeddable":true,"href":"https:\/\/www.messinaoggi.it\/website\/wp-json\/wp\/v2\/categories?post=188491"},{"taxonomy":"post_tag","embeddable":true,"href":"https:\/\/www.messinaoggi.it\/website\/wp-json\/wp\/v2\/tags?post=188491"}],"curies":[{"name":"wp","href":"https:\/\/api.w.org\/{rel}","templated":true}]}}