{"id":188475,"date":"2024-02-23T19:08:03","date_gmt":"2024-02-23T18:08:03","guid":{"rendered":"https:\/\/www.messinaoggi.it\/website\/2024\/02\/23\/tajani-governo-avanti-fino-alla-fine-della-legislatura\/"},"modified":"2024-02-23T19:28:46","modified_gmt":"2024-02-23T18:28:46","slug":"tajani-governo-avanti-fino-alla-fine-della-legislatura","status":"publish","type":"post","link":"https:\/\/www.messinaoggi.it\/website\/2024\/02\/23\/tajani-governo-avanti-fino-alla-fine-della-legislatura\/","title":{"rendered":"Tajani \u201cGoverno avanti fino alla fine della legislatura\u201d"},"content":{"rendered":"<div>ROMA (ITALPRESS) &#8211; &#8220;Nel centrodestra non c&#8217;\u00e8 nessuna crisi, andremo avanti fino a fine legislatura&#8221;. Cos\u00ec il segetario nazionale di Forza Italia, Antonio Tajani, nel suo intervento al congresso del partito. &#8220;Forza Italia \u00e8 e vuole essere protagonista del Partito popolare europeo. Non esiste altra forza politica per cui l&#8217;Europa e l&#8217;Occidente siano cos\u00ec essenziali alla propria identit\u00e0&#8221;, ha aggiunto. &#8220;Fino quando saremo al governo non ci sar\u00e0 una patrimoniale, n\u00e8 un aumento della tassa sulla casa degli italiani&#8221;, ha spiegato, sottolineando poi che &#8220;il garantismo \u00e8 uno dei nostri valori fondanti. Bisogna garantire il diritto alla vita e il possesso di denaro e beni legittimamente guadagnati&#8221;. Per Tajani &#8220;lo Stato deve definire le regole, coordinare e indirizzare ma non deve mai sostituirsi al mercato e prendere il posto dell&#8217;iniziativa dei privati. La privatizzazione Mps, chiesta e voluta da Forza Italia, \u00e8 un esempio paradigmatico. Non abbiamo bisogno di uno stato banchiere. Fi \u00e8 garante che il governo continuer\u00e0 sulla strada delle privatizzazioni&#8221;. <br \/>&#8211; Foto: Agenzia Fotogramma &#8211;<\/div>\n<div id=\"div-gpt-ad-Messinaoggi.it-DSK-300x250-corpoart\" style=\"text-align:center;margin:0 auto;\"><\/div><\/p><div id=\"videoincontent\" style=\"clear:both\";><\/div>","protected":false},"excerpt":{"rendered":"<p>ROMA (ITALPRESS) &#8211; &#8220;Nel centrodestra non c&#8217;\u00e8 nessuna crisi, andremo avanti fino a fine legislatura&#8221;. Cos\u00ec il segetario nazionale di Forza Italia, Antonio Tajani, nel suo intervento al congresso del partito. &#8220;Forza Italia \u00e8 e vuole essere protagonista del Partito popolare europeo. Non esiste altra forza politica per cui l&#8217;Europa e l&#8217;Occidente siano cos\u00ec essenziali [&hellip;]<\/p>\n","protected":false},"author":18,"featured_media":188476,"comment_status":"closed","ping_status":"closed","sticky":false,"template":"","format":"standard","meta":{"ub_ctt_via":"","_mi_skip_tracking":false},"categories":[446,4],"tags":[783],"featured_image_src":"https:\/\/www.messinaoggi.it\/website\/wp-content\/uploads\/2024\/02\/20240223_2092.jpg","author_info":{"display_name":"Admin","author_link":"https:\/\/www.messinaoggi.it\/website\/author\/admin\/"},"digistream_id":0,"digistream":false,"_links":{"self":[{"href":"https:\/\/www.messinaoggi.it\/website\/wp-json\/wp\/v2\/posts\/188475"}],"collection":[{"href":"https:\/\/www.messinaoggi.it\/website\/wp-json\/wp\/v2\/posts"}],"about":[{"href":"https:\/\/www.messinaoggi.it\/website\/wp-json\/wp\/v2\/types\/post"}],"author":[{"embeddable":true,"href":"https:\/\/www.messinaoggi.it\/website\/wp-json\/wp\/v2\/users\/18"}],"replies":[{"embeddable":true,"href":"https:\/\/www.messinaoggi.it\/website\/wp-json\/wp\/v2\/comments?post=188475"}],"version-history":[{"count":1,"href":"https:\/\/www.messinaoggi.it\/website\/wp-json\/wp\/v2\/posts\/188475\/revisions"}],"predecessor-version":[{"id":188487,"href":"https:\/\/www.messinaoggi.it\/website\/wp-json\/wp\/v2\/posts\/188475\/revisions\/188487"}],"wp:featuredmedia":[{"embeddable":true,"href":"https:\/\/www.messinaoggi.it\/website\/wp-json\/wp\/v2\/media\/188476"}],"wp:attachment":[{"href":"https:\/\/www.messinaoggi.it\/website\/wp-json\/wp\/v2\/media?parent=188475"}],"wp:term":[{"taxonomy":"category","embeddable":true,"href":"https:\/\/www.messinaoggi.it\/website\/wp-json\/wp\/v2\/categories?post=188475"},{"taxonomy":"post_tag","embeddable":true,"href":"https:\/\/www.messinaoggi.it\/website\/wp-json\/wp\/v2\/tags?post=188475"}],"curies":[{"name":"wp","href":"https:\/\/api.w.org\/{rel}","templated":true}]}}