{"id":188433,"date":"2024-02-23T17:07:59","date_gmt":"2024-02-23T16:07:59","guid":{"rendered":"https:\/\/www.messinaoggi.it\/website\/2024\/02\/23\/carburanti-il-consiglio-di-stato-annulla-i-cartelloni-giornalieri\/"},"modified":"2024-02-23T17:07:59","modified_gmt":"2024-02-23T16:07:59","slug":"carburanti-il-consiglio-di-stato-annulla-i-cartelloni-giornalieri","status":"publish","type":"post","link":"https:\/\/www.messinaoggi.it\/website\/2024\/02\/23\/carburanti-il-consiglio-di-stato-annulla-i-cartelloni-giornalieri\/","title":{"rendered":"Carburanti, il Consiglio di Stato annulla i cartelloni giornalieri"},"content":{"rendered":"<div>ROMA (ITALPRESS) &#8211; Il Consiglio di Stato ha accolto l&#8217;appello del Ministero delle imprese e del Made in Italy sui carburanti, chiarendo che il decreto ministeriale \u00e8 stato emesso nel pieno rispetto della procedura. E&#8217; stato disposto l&#8217;annullamento del solo articolo 7 del decreto nella parte in cui esso prevede la cadenza giornaliera dell&#8217;obbligo di esposizione del cartello, in quanto tale cadenza &#8211; si legge nella sentenza &#8211;  non \u00e8 prevista dalla legge. Da fonti Mimit si apprende che gli uffici stanno gi\u00e0 provvedendo alla riformulazione dell&#8217;articolo 7 in modo da prevedere una diversa cadenza.<br \/>La decisione del Consiglio di Stato secondo Fegica e Figisc &#8220;\u00e8 una vittoria della categoria che, dopo aver offerto disponibilit\u00e0 e collaborazione a trovare soluzioni compatibili con un&#8217;attivit\u00e0 &#8211; quella svolta dai gestori &#8211; che \u00e8 stata considerata come ininfluente, si \u00e8 trovata di fronte a &#8216;immarcescibil\u00ec chiusure e alla volont\u00e0 del Governo (e del ministro Urso, confortato dal suo ufficio legislativo) di andare comunque avanti. Ignorando anche le azioni sindacali promosse. E&#8217; una vittoria della ragione che non si \u00e8 lasciata piegare a interessi di parte e non si \u00e8 prestata a essere scambiata con acquiescenza o rapporti (pi\u00f9 o meno) preferenziali: i diritti sono i diritti della categoria e non sono negoziabili; la collaborazione e la costruttivit\u00e0 intorno al tavolo di confronto istituzionale, non \u00e8 mai stata (e continua a non essere) in discussione, senza per questo rinunciare ad esercitare il ruolo&#8221;.<br \/>&#8220;E&#8217; una vittoria di ogni singolo gestore che, attraverso le organizzazioni di rappresentanza, hanno creduto che ottenere ragione fosse possibile. Ora il Governo e, soprattutto, il ministro Urso (e il suo ufficio legislativo) devono prendere atto<br \/>della nuova realt\u00e0 disegnata dal provvedimento del Consiglio di Stato e procedere di conseguenza. Magari affrontando dialetticamente e senza forzature, con le rappresentanze di categoria i temi che pi\u00f9 volte sono stati posti alla loro attenzione. La vicenda dimostra che ingaggiare un &#8216;braccio di ferr\u00f2 con la categoria non determina il risultato atteso. Noi, siamo, come sempre pronti al confronto ma senza l&#8217;imposizione di diktat&#8221;, concludono Fegica e Figisc.<div id=\"div-gpt-ad-Messinaoggi.it-DSK-300x250-corpoart\" style=\"text-align:center;margin:0 auto;\"><\/div><\/p>\n<p>&#8211; Foto: Agenzia Fotogramma &#8211;<div id=\"videoincontent\" style=\"clear:both\";><\/div><\/p>\n<p>(ITALPRESS).<\/p><\/div>\n","protected":false},"excerpt":{"rendered":"<p>ROMA (ITALPRESS) &#8211; Il Consiglio di Stato ha accolto l&#8217;appello del Ministero delle imprese e del Made in Italy sui carburanti, chiarendo che il decreto ministeriale \u00e8 stato emesso nel pieno rispetto della procedura. E&#8217; stato disposto l&#8217;annullamento del solo articolo 7 del decreto nella parte in cui esso prevede la cadenza giornaliera dell&#8217;obbligo di [&hellip;]<\/p>\n","protected":false},"author":18,"featured_media":188434,"comment_status":"closed","ping_status":"closed","sticky":false,"template":"","format":"standard","meta":{"ub_ctt_via":"","_mi_skip_tracking":false},"categories":[446],"tags":[783],"featured_image_src":"https:\/\/www.messinaoggi.it\/website\/wp-content\/uploads\/2024\/02\/20240223_1193.jpg","author_info":{"display_name":"Admin","author_link":"https:\/\/www.messinaoggi.it\/website\/author\/admin\/"},"digistream_id":0,"digistream":false,"_links":{"self":[{"href":"https:\/\/www.messinaoggi.it\/website\/wp-json\/wp\/v2\/posts\/188433"}],"collection":[{"href":"https:\/\/www.messinaoggi.it\/website\/wp-json\/wp\/v2\/posts"}],"about":[{"href":"https:\/\/www.messinaoggi.it\/website\/wp-json\/wp\/v2\/types\/post"}],"author":[{"embeddable":true,"href":"https:\/\/www.messinaoggi.it\/website\/wp-json\/wp\/v2\/users\/18"}],"replies":[{"embeddable":true,"href":"https:\/\/www.messinaoggi.it\/website\/wp-json\/wp\/v2\/comments?post=188433"}],"version-history":[{"count":0,"href":"https:\/\/www.messinaoggi.it\/website\/wp-json\/wp\/v2\/posts\/188433\/revisions"}],"wp:featuredmedia":[{"embeddable":true,"href":"https:\/\/www.messinaoggi.it\/website\/wp-json\/wp\/v2\/media\/188434"}],"wp:attachment":[{"href":"https:\/\/www.messinaoggi.it\/website\/wp-json\/wp\/v2\/media?parent=188433"}],"wp:term":[{"taxonomy":"category","embeddable":true,"href":"https:\/\/www.messinaoggi.it\/website\/wp-json\/wp\/v2\/categories?post=188433"},{"taxonomy":"post_tag","embeddable":true,"href":"https:\/\/www.messinaoggi.it\/website\/wp-json\/wp\/v2\/tags?post=188433"}],"curies":[{"name":"wp","href":"https:\/\/api.w.org\/{rel}","templated":true}]}}