{"id":188395,"date":"2024-02-23T11:07:59","date_gmt":"2024-02-23T10:07:59","guid":{"rendered":"https:\/\/www.messinaoggi.it\/website\/2024\/02\/23\/ucraina-tajani-presto-accordo-con-kiev-per-sostegno-e-ricostruzione\/"},"modified":"2024-02-23T11:07:59","modified_gmt":"2024-02-23T10:07:59","slug":"ucraina-tajani-presto-accordo-con-kiev-per-sostegno-e-ricostruzione","status":"publish","type":"post","link":"https:\/\/www.messinaoggi.it\/website\/2024\/02\/23\/ucraina-tajani-presto-accordo-con-kiev-per-sostegno-e-ricostruzione\/","title":{"rendered":"Ucraina, Tajani \u201cPresto accordo con Kiev per sostegno e ricostruzione\u201d"},"content":{"rendered":"<div>ROMA (ITALPRESS) &#8211; &#8220;Stiamo aiutando l&#8217;Ucraina perch\u00e8 \u00e8 un baluardo di libert\u00e0. Se noi accettiamo il principio che il pi\u00f9 forte invade il territorio del pi\u00f9 debole finisce il diritto internazionale. E&#8217; una questione di principio&#8221;. Lo ha detto il ministro degli Esteri, Antonio Tajani, a &#8220;Radio anch&#8217;io&#8221; su Radio1. &#8220;Noi non siamo in guerra con la Russia, stiamo difendendo il diritto all&#8217;indipendenza e alla libert\u00e0 dell&#8217;Ucraina e del suo popolo&#8221;, ha aggiunto Tajani, parlando poi del &#8220;sostegno politico&#8221; a Kiev che sar\u00e0 &#8220;sancito dall&#8217;accordo di protezione e sicurezza tra Italia e Ucraina che verr\u00e0 firmato molto presto dal presidente del Consiglio Meloni con Zelensky. Stiamo finendo di elaborarlo &#8211; ha continuato -, non ha valore di un trattato ma \u00e8 un documento in cui si parla di continuare a dare sostegno economico e per la ricostruzione. Ci siamo impegnati per la ricostruzione di Odessa e abbiamo cominciato con la cattedrale ma anche per ricostruire, per esempio, tutte le reti energetiche. Continueremo in un contesto occidentale perch\u00e8 lo stesso accordo lo hanno firmato Danimarca, Francia, Germania e Regno Unito&#8221;. La premier Giorgia Meloni andr\u00e0 a Kiev? &#8220;Prossimamente sar\u00e0 a Kiev. Sui tempi e sugli orari &#8211; ha aggiunto &#8211; \u00e8 bene sempre essere molto prudenti, essendoci una guerra in corso&#8221;.(ITALPRESS).<div id=\"div-gpt-ad-Messinaoggi.it-DSK-300x250-corpoart\" style=\"text-align:center;margin:0 auto;\"><\/div><\/p>\n<p>Foto: Agenzia Fotogramma<div id=\"videoincontent\" style=\"clear:both\";><\/div><\/p><\/div>\n","protected":false},"excerpt":{"rendered":"<p>ROMA (ITALPRESS) &#8211; &#8220;Stiamo aiutando l&#8217;Ucraina perch\u00e8 \u00e8 un baluardo di libert\u00e0. Se noi accettiamo il principio che il pi\u00f9 forte invade il territorio del pi\u00f9 debole finisce il diritto internazionale. E&#8217; una questione di principio&#8221;. Lo ha detto il ministro degli Esteri, Antonio Tajani, a &#8220;Radio anch&#8217;io&#8221; su Radio1. &#8220;Noi non siamo in guerra [&hellip;]<\/p>\n","protected":false},"author":18,"featured_media":188396,"comment_status":"closed","ping_status":"closed","sticky":false,"template":"","format":"standard","meta":{"ub_ctt_via":"","_mi_skip_tracking":false},"categories":[446],"tags":[783],"featured_image_src":"https:\/\/www.messinaoggi.it\/website\/wp-content\/uploads\/2024\/02\/20240223_0084.jpg","author_info":{"display_name":"Admin","author_link":"https:\/\/www.messinaoggi.it\/website\/author\/admin\/"},"digistream_id":0,"digistream":false,"_links":{"self":[{"href":"https:\/\/www.messinaoggi.it\/website\/wp-json\/wp\/v2\/posts\/188395"}],"collection":[{"href":"https:\/\/www.messinaoggi.it\/website\/wp-json\/wp\/v2\/posts"}],"about":[{"href":"https:\/\/www.messinaoggi.it\/website\/wp-json\/wp\/v2\/types\/post"}],"author":[{"embeddable":true,"href":"https:\/\/www.messinaoggi.it\/website\/wp-json\/wp\/v2\/users\/18"}],"replies":[{"embeddable":true,"href":"https:\/\/www.messinaoggi.it\/website\/wp-json\/wp\/v2\/comments?post=188395"}],"version-history":[{"count":0,"href":"https:\/\/www.messinaoggi.it\/website\/wp-json\/wp\/v2\/posts\/188395\/revisions"}],"wp:featuredmedia":[{"embeddable":true,"href":"https:\/\/www.messinaoggi.it\/website\/wp-json\/wp\/v2\/media\/188396"}],"wp:attachment":[{"href":"https:\/\/www.messinaoggi.it\/website\/wp-json\/wp\/v2\/media?parent=188395"}],"wp:term":[{"taxonomy":"category","embeddable":true,"href":"https:\/\/www.messinaoggi.it\/website\/wp-json\/wp\/v2\/categories?post=188395"},{"taxonomy":"post_tag","embeddable":true,"href":"https:\/\/www.messinaoggi.it\/website\/wp-json\/wp\/v2\/tags?post=188395"}],"curies":[{"name":"wp","href":"https:\/\/api.w.org\/{rel}","templated":true}]}}