{"id":18821,"date":"2018-05-02T09:58:09","date_gmt":"2018-05-02T07:58:09","guid":{"rendered":"http:\/\/www.messinaoggi.it\/website\/?p=18821"},"modified":"2018-05-02T09:58:09","modified_gmt":"2018-05-02T07:58:09","slug":"sparta-alberi-pericolanti-sulla-ss-113-servono-interventi","status":"publish","type":"post","link":"https:\/\/www.messinaoggi.it\/website\/2018\/05\/02\/sparta-alberi-pericolanti-sulla-ss-113-servono-interventi\/","title":{"rendered":"Spart\u00e0: alberi pericolanti sulla Ss 113, servono interventi"},"content":{"rendered":"<p>Pendono come una spada di Damocle sulla testa degli automobilisti in un tratto di strada pericoloso e tristemente noto per i numerosi incidenti. Dall&#8217;estate scorsa a Spart\u00e0 c&#8217;\u00e8 un rischio in pi\u00f9, visto che due alberi secolari, a causa di un incendio, sono ormai secchi e potrebbero collassare da un momento all&#8217;altro.<br \/>\nL&#8217;Sos arriva da Mario Biancuzzo, consigliere della VI Circoscrizione: &#8220;Ho accertato la pericolosit\u00e0 della situazione, questi alberi di grosse dimensioni sono destinati cadere rovinosamente al suolo, molti presentano un&#8217;inclinazione che non lascia dormire sonni tranquilli.<br \/>\nNon voglio creare allarmismo,\u00a0ma \u00e8 necessario intervenire subito rimuovendo gli arbusti secchi; servirebbe un&#8217;accurata potatura degli alberi inclinati per evitare pericoli ai mezzi in transito ed a scanso di eventuali responsabilit\u00e0 civili e penali che si potrebbero determinare a causa di mancati interventi&#8221;.<br \/>\n <div id=\"div-gpt-ad-Messinaoggi.it-DSK-300x250-corpoart\" style=\"text-align:center;margin:0 auto;\"><\/div><\/p>\n<div id=\"videoincontent\" style=\"clear:both\";><\/div>","protected":false},"excerpt":{"rendered":"<p>Pendono come una spada di Damocle sulla testa degli automobilisti in un tratto di strada pericoloso e tristemente noto per i numerosi incidenti. Dall&#8217;estate scorsa a Spart\u00e0 c&#8217;\u00e8 un rischio in pi\u00f9, visto che due alberi secolari, a causa di un incendio, sono ormai secchi e potrebbero collassare da un momento all&#8217;altro. L&#8217;Sos arriva da [&hellip;]<\/p>\n","protected":false},"author":4,"featured_media":18822,"comment_status":"closed","ping_status":"open","sticky":false,"template":"","format":"standard","meta":{"ub_ctt_via":"","_mi_skip_tracking":false},"categories":[5],"tags":[],"featured_image_src":"https:\/\/www.messinaoggi.it\/website\/wp-content\/uploads\/2018\/05\/Ss-113-Sparta-1.jpg","author_info":{"display_name":"redme","author_link":"https:\/\/www.messinaoggi.it\/website\/author\/redme\/"},"digistream_id":0,"digistream":false,"_links":{"self":[{"href":"https:\/\/www.messinaoggi.it\/website\/wp-json\/wp\/v2\/posts\/18821"}],"collection":[{"href":"https:\/\/www.messinaoggi.it\/website\/wp-json\/wp\/v2\/posts"}],"about":[{"href":"https:\/\/www.messinaoggi.it\/website\/wp-json\/wp\/v2\/types\/post"}],"author":[{"embeddable":true,"href":"https:\/\/www.messinaoggi.it\/website\/wp-json\/wp\/v2\/users\/4"}],"replies":[{"embeddable":true,"href":"https:\/\/www.messinaoggi.it\/website\/wp-json\/wp\/v2\/comments?post=18821"}],"version-history":[{"count":0,"href":"https:\/\/www.messinaoggi.it\/website\/wp-json\/wp\/v2\/posts\/18821\/revisions"}],"wp:featuredmedia":[{"embeddable":true,"href":"https:\/\/www.messinaoggi.it\/website\/wp-json\/wp\/v2\/media\/18822"}],"wp:attachment":[{"href":"https:\/\/www.messinaoggi.it\/website\/wp-json\/wp\/v2\/media?parent=18821"}],"wp:term":[{"taxonomy":"category","embeddable":true,"href":"https:\/\/www.messinaoggi.it\/website\/wp-json\/wp\/v2\/categories?post=18821"},{"taxonomy":"post_tag","embeddable":true,"href":"https:\/\/www.messinaoggi.it\/website\/wp-json\/wp\/v2\/tags?post=18821"}],"curies":[{"name":"wp","href":"https:\/\/api.w.org\/{rel}","templated":true}]}}