{"id":188203,"date":"2024-02-21T19:08:02","date_gmt":"2024-02-21T18:08:02","guid":{"rendered":"https:\/\/www.messinaoggi.it\/website\/2024\/02\/21\/pioli-non-si-fida-del-rennes-buon-vantaggio-ma-non-e-finita\/"},"modified":"2024-02-21T19:08:02","modified_gmt":"2024-02-21T18:08:02","slug":"pioli-non-si-fida-del-rennes-buon-vantaggio-ma-non-e-finita","status":"publish","type":"post","link":"https:\/\/www.messinaoggi.it\/website\/2024\/02\/21\/pioli-non-si-fida-del-rennes-buon-vantaggio-ma-non-e-finita\/","title":{"rendered":"Pioli non si fida del Rennes \u201cBuon vantaggio ma non \u00e8 finita\u201d"},"content":{"rendered":"<div>MILANO (ITALPRESS) &#8211; &#8220;Ci vorr\u00e0 grande concentrazione, abbiamo grande voglia di passare il turno, ci siamo presi un bel vantaggio dopo la partita d&#8217;andata ma non possiamo considerarla finita&#8221;. Stefano Pioli, ai microfoni di Milan Tv, mette in guardia i suoi alla vigilia della trasferta in terra francese, secondo atto dei play-off di Europa League. A San Siro i rossoneri hanno battuto il Rennes 3-0 &#8220;ma loro sono una squadra che, pur cambiando 5-6 giocatori, ha vinto in campionato. Stanno bene, ci conosciamo meglio ma possiamo aspettarci cose diverse da loro rispetto all&#8217;andata visto che proveranno a rimontare. Hanno verticalit\u00e0, velocit\u00e0, a San Siro hanno provato a metterci in difficolt\u00e0 con posizioni diverse rispetto a quelle che pensavamo. Sono una squadra di qualit\u00e0, che assolutamente non alzer\u00e0 bandiera bianca. Star\u00e0 a noi interpretare la partita con convinzione e attenzione, gestirla bene cercando di colpire gli avversari. Dobbiamo rimanere concentrati su quello che dobbiamo fare per raggiungere il passaggio del turno&#8221;. L&#8217;infermeria, intanto, si sta svuotando: Kalulu e Tomori hanno ripreso ad allenarsi in gruppo. &#8220;Era tanto tempo che non erano con noi, sono due recuperi importanti &#8211; conferma Pioli &#8211; Non saranno a disposizione per domani, vediamo per domenica. Intanto siamo felici di riaverli in gruppo&#8221;.<br \/>&#8211; foto Ipa Agency &#8211;<br \/>(ITALPRESS).<\/div>\n<div id=\"div-gpt-ad-Messinaoggi.it-DSK-300x250-corpoart\" style=\"text-align:center;margin:0 auto;\"><\/div><\/p><div id=\"videoincontent\" style=\"clear:both\";><\/div>","protected":false},"excerpt":{"rendered":"<p>MILANO (ITALPRESS) &#8211; &#8220;Ci vorr\u00e0 grande concentrazione, abbiamo grande voglia di passare il turno, ci siamo presi un bel vantaggio dopo la partita d&#8217;andata ma non possiamo considerarla finita&#8221;. Stefano Pioli, ai microfoni di Milan Tv, mette in guardia i suoi alla vigilia della trasferta in terra francese, secondo atto dei play-off di Europa League. [&hellip;]<\/p>\n","protected":false},"author":18,"featured_media":188204,"comment_status":"closed","ping_status":"closed","sticky":false,"template":"","format":"standard","meta":{"ub_ctt_via":"","_mi_skip_tracking":false},"categories":[446],"tags":[783],"featured_image_src":"https:\/\/www.messinaoggi.it\/website\/wp-content\/uploads\/2024\/02\/20240221_1922.jpg","author_info":{"display_name":"Admin","author_link":"https:\/\/www.messinaoggi.it\/website\/author\/admin\/"},"digistream_id":0,"digistream":false,"_links":{"self":[{"href":"https:\/\/www.messinaoggi.it\/website\/wp-json\/wp\/v2\/posts\/188203"}],"collection":[{"href":"https:\/\/www.messinaoggi.it\/website\/wp-json\/wp\/v2\/posts"}],"about":[{"href":"https:\/\/www.messinaoggi.it\/website\/wp-json\/wp\/v2\/types\/post"}],"author":[{"embeddable":true,"href":"https:\/\/www.messinaoggi.it\/website\/wp-json\/wp\/v2\/users\/18"}],"replies":[{"embeddable":true,"href":"https:\/\/www.messinaoggi.it\/website\/wp-json\/wp\/v2\/comments?post=188203"}],"version-history":[{"count":0,"href":"https:\/\/www.messinaoggi.it\/website\/wp-json\/wp\/v2\/posts\/188203\/revisions"}],"wp:featuredmedia":[{"embeddable":true,"href":"https:\/\/www.messinaoggi.it\/website\/wp-json\/wp\/v2\/media\/188204"}],"wp:attachment":[{"href":"https:\/\/www.messinaoggi.it\/website\/wp-json\/wp\/v2\/media?parent=188203"}],"wp:term":[{"taxonomy":"category","embeddable":true,"href":"https:\/\/www.messinaoggi.it\/website\/wp-json\/wp\/v2\/categories?post=188203"},{"taxonomy":"post_tag","embeddable":true,"href":"https:\/\/www.messinaoggi.it\/website\/wp-json\/wp\/v2\/tags?post=188203"}],"curies":[{"name":"wp","href":"https:\/\/api.w.org\/{rel}","templated":true}]}}