{"id":188070,"date":"2024-02-20T21:27:57","date_gmt":"2024-02-20T20:27:57","guid":{"rendered":"http:\/\/www.messinaoggi.it\/website\/?p=188070"},"modified":"2024-02-20T21:30:44","modified_gmt":"2024-02-20T20:30:44","slug":"manager-sanita-8-su-18-hanno-in-corso-procedimenti-penali","status":"publish","type":"post","link":"https:\/\/www.messinaoggi.it\/website\/2024\/02\/20\/manager-sanita-8-su-18-hanno-in-corso-procedimenti-penali\/","title":{"rendered":"Manager sanit\u00e0: 8 su 18 hanno in corso procedimenti penali"},"content":{"rendered":"\n<p>Otto dei 18 manager della sanit\u00e0, nominati nei giorni scorsi dal governo Schifani, hanno in corso procedimenti penali. E\u2019 quanto emerge dalla seduta della commissione Affari istituzionali dell\u2019Ars che stamattina si \u00e8 riunita per l\u2019esame dei curricula, atto propedeutico alla concessione del parere. La seduta si \u00e8 conclusa con la richiesta di approfondimenti, fatta dal Pd ma anche da alcuni commissari di maggioranza, all\u2019assessore alla Salute, Giovanna Volo. In particolare la commissione ha chiesto al governo i casellari giudiziari dei manager nominati, le valutazioni dell\u2019Agenas e dell\u2019assessorato alla Salute sul raggiungimento annuale degli obiettivi; eventuali procedimenti di commissariamento nei confronti degli incaricati nel caso abbiano assunto gi\u00e0 in passato il ruolo manageriale, i verbali della commissione d\u2019esame e una relazione sui motivi dei due elenchi in cui furono inseriti gli aspiranti manager tra pi\u00f9 e meno idonei.<br>Tra i 18 manager, otto risulta che abbiano procedimenti giudiziari in corso: i reati, a vario titolo, sono abuso d\u2019ufficio, omicidio colposo, concorso formale-reato continuato, falsit\u00e0 ideologica commessa dal pubblico ufficiale in atti pubblici, rapporto di causalit\u00e0, interruzione di un ufficio o servizio pubblico o di un servizio di pubblica necessit\u00e0, lesioni personali colpose, delitti contro il patrimonio mediante frode e falsit\u00e0 ideologica commessa dal privato in atto pubblico. Per regolamento la commissione deve dare il parere sulle nomine entro trenta giorni, il timer scatter\u00e0 dal momento in cui avr\u00e0 ricevuto dal governo le risposte agli approfondimenti richiesti. I direttori generali che hanno dichiarato di non avere procedimenti penali in corso sono Ferdinando Croce, Salvatore Lucio Ficarra, Giuseppe Giammanco, Maurizio Letterio Lanza, Giuseppe Cucci, Giuseppe Capodieci, Daniela Faraoni, Walter Messina, Catena Di Blasi.<div id=\"div-gpt-ad-Messinaoggi.it-DSK-300x250-corpoart\" style=\"text-align:center;margin:0 auto;\"><\/div><\/p>\n<div id=\"videoincontent\" style=\"clear:both\";><\/div>","protected":false},"excerpt":{"rendered":"<p>Otto dei 18 manager della sanit\u00e0, nominati nei giorni scorsi dal governo Schifani, hanno in corso procedimenti penali. E\u2019 quanto emerge dalla seduta della commissione Affari istituzionali dell\u2019Ars che stamattina si \u00e8 riunita per l\u2019esame dei curricula, atto propedeutico alla concessione del parere. La seduta si \u00e8 conclusa con la richiesta di approfondimenti, fatta dal [&hellip;]<\/p>\n","protected":false},"author":4,"featured_media":1416,"comment_status":"open","ping_status":"open","sticky":false,"template":"","format":"standard","meta":{"ub_ctt_via":"","_mi_skip_tracking":false},"categories":[6],"tags":[],"featured_image_src":"https:\/\/www.messinaoggi.it\/website\/wp-content\/uploads\/2017\/06\/tagli-sanita\u0300-2.jpg","author_info":{"display_name":"redme","author_link":"https:\/\/www.messinaoggi.it\/website\/author\/redme\/"},"digistream_id":0,"digistream":false,"_links":{"self":[{"href":"https:\/\/www.messinaoggi.it\/website\/wp-json\/wp\/v2\/posts\/188070"}],"collection":[{"href":"https:\/\/www.messinaoggi.it\/website\/wp-json\/wp\/v2\/posts"}],"about":[{"href":"https:\/\/www.messinaoggi.it\/website\/wp-json\/wp\/v2\/types\/post"}],"author":[{"embeddable":true,"href":"https:\/\/www.messinaoggi.it\/website\/wp-json\/wp\/v2\/users\/4"}],"replies":[{"embeddable":true,"href":"https:\/\/www.messinaoggi.it\/website\/wp-json\/wp\/v2\/comments?post=188070"}],"version-history":[{"count":1,"href":"https:\/\/www.messinaoggi.it\/website\/wp-json\/wp\/v2\/posts\/188070\/revisions"}],"predecessor-version":[{"id":188071,"href":"https:\/\/www.messinaoggi.it\/website\/wp-json\/wp\/v2\/posts\/188070\/revisions\/188071"}],"wp:featuredmedia":[{"embeddable":true,"href":"https:\/\/www.messinaoggi.it\/website\/wp-json\/wp\/v2\/media\/1416"}],"wp:attachment":[{"href":"https:\/\/www.messinaoggi.it\/website\/wp-json\/wp\/v2\/media?parent=188070"}],"wp:term":[{"taxonomy":"category","embeddable":true,"href":"https:\/\/www.messinaoggi.it\/website\/wp-json\/wp\/v2\/categories?post=188070"},{"taxonomy":"post_tag","embeddable":true,"href":"https:\/\/www.messinaoggi.it\/website\/wp-json\/wp\/v2\/tags?post=188070"}],"curies":[{"name":"wp","href":"https:\/\/api.w.org\/{rel}","templated":true}]}}