{"id":187994,"date":"2024-02-20T12:17:38","date_gmt":"2024-02-20T11:17:38","guid":{"rendered":"http:\/\/www.messinaoggi.it\/website\/?p=187994"},"modified":"2024-02-20T12:17:39","modified_gmt":"2024-02-20T11:17:39","slug":"morti-sul-lavoro-uil-e-cgil-scendono-in-campo","status":"publish","type":"post","link":"https:\/\/www.messinaoggi.it\/website\/2024\/02\/20\/morti-sul-lavoro-uil-e-cgil-scendono-in-campo\/","title":{"rendered":"Morti sul lavoro, Uil e Cgil scendono in campo"},"content":{"rendered":"\n<p>Uil e Cgil di Messina hanno organizzato per domani, gioved\u00ec 21, un presidio in Prefettura per protestare contro le morti sul lavoro. La manifestazione giunge dopo la morte dei cinque operai nel cantiere per la costruzione di un supermercato di Esselunga a Firenze. &#8220;Questi operai hanno nomi, famiglie, storie. &#8211; si legge in una nota di Uil e Cgil &#8211; Come gli altri che ancora in questi giorni sono caduti sul lavoro pi\u00f9 di 40 nei primi 15 giorni di febbraio. Anche Messina non \u00e8 esente da questa triste classifica, registrando 11 morti nel 2023 e 1 morto nei primi 40 giorni dell\u2019anno in corso.<div id=\"div-gpt-ad-Messinaoggi.it-DSK-300x250-corpoart\" style=\"text-align:center;margin:0 auto;\"><\/div><\/p>\n\n\n\n<p>&#8220;Basta parlare di cordoglio, &#8211; dichiarano &#8211; \u00e8 il momento che il Governo le imprese e le loro associazioni di rappresentanza, si assumano le responsabilit\u00e0: massimo ribasso, appalti a cascata, mancanza di controlli, precariet\u00e0 del lavoro sono conseguenze di scelte, non una fatalit\u00e0! Si \u00e8 deciso di fare cassa togliendo le risorse per gli ispettori del lavoro e la medicina per la prevenzione sul territorio; deregolamentare la catena degli appalti, non intervenire sugli appalti privati, fino al punto che non si riesce a capire quali e quante ditte sono in un cantiere e di costringere le persone migranti a lavorare in clandestinit\u00e0. <div id=\"videoincontent\" style=\"clear:both\";><\/div><\/p>\n\n\n\n<p>&#8220;Il 50% dei cantieri ispezionati nel 2023 nel territorio provinciale \u00e8 risultato non in regola con la normativa sulla sicurezza. A pagarne le spese sono sempre i lavoratori e le lavoratrici, soprattutto nel settore dell\u2019edilizia. Non \u00e8 pi\u00f9 accettabile assistere inermi e indifferenti a questa mattanza quotidiana. Vogliamo tutte le agibilit\u00e0 necessarie per gli RLS, RLST, delegati di sito alla sicurezza. <\/p>\n\n\n\n<p>&#8220;Vogliamo il ripristino della parit\u00e0 di trattamento negli appalti e la responsabilit\u00e0 dell\u2019impresa committente. Vogliamo l\u2019applicazione dei CCNL del settore di riferimento, sottoscritti dalle organizzazioni sindacali comparativamente pi\u00f9 rappresentative, vogliamo la formazione obbligatoria prima di accedere nel luogo di lavoro. Vogliamo luoghi di lavoro sicuri senza il ricatto della perdita del lavoro e dei bassi salari. A partire dai cantieri. Questi sono i cambiamenti necessari, altrimenti i richiami alla cultura della sicurezza sono frasi vuote.<\/p>\n\n\n\n<p>\u201c\u00c8 assolutamente inaccettabile questo stillicidio quotidiano che in nome del profitto sta causando una vera e propria strage di lavoratori. &#8211; hanno dichiarato i segretari generali di Cgil e Uil Messina, rispettivamente Pietro Patti e Ivan Tripodi &#8211; In nome del profitto si gioca con la vita delle persone. Mai pi\u00f9 morti sul lavoro rappresenta, pertanto, un imperativo categorico e sono necessarie azioni di forte contrasto e pesantissime sanzioni contro chi non rispetta le basilari regole in tema di sicurezza nei luoghi di lavoro.<\/p>\n\n\n\n<p>&#8220;Per queste ragioni la Cgil e la Uil, nel quadro della mobilitazione nazionale, hanno organizzato un presidio presso la Prefettura di Messina che si terr\u00e0 mercoled\u00ec 21 febbraio alle ore 10:30 in concomitanza con lo sciopero nazionale indetto dalle categorie dei lavoratori edili e metalmeccanici nelle ultime ore del turno lavorativo. Nella stessa giornata, dopo il Presidio, si terranno anche due assemblee sindacali presso la centrale A2A di S. Filippo del Mela e la Ram di Milazzo.<\/p>\n","protected":false},"excerpt":{"rendered":"<p>Uil e Cgil di Messina hanno organizzato per domani, gioved\u00ec 21, un presidio in Prefettura per protestare contro le morti sul lavoro. La manifestazione giunge dopo la morte dei cinque operai nel cantiere per la costruzione di un supermercato di Esselunga a Firenze. &#8220;Questi operai hanno nomi, famiglie, storie. &#8211; si legge in una nota [&hellip;]<\/p>\n","protected":false},"author":8,"featured_media":14922,"comment_status":"open","ping_status":"open","sticky":false,"template":"","format":"standard","meta":{"ub_ctt_via":"","_mi_skip_tracking":false},"categories":[5],"tags":[967,7669,141],"featured_image_src":"https:\/\/www.messinaoggi.it\/website\/wp-content\/uploads\/2018\/01\/cantieri-1.jpg","author_info":{"display_name":"red..me","author_link":"https:\/\/www.messinaoggi.it\/website\/author\/redstage\/"},"digistream_id":0,"digistream":false,"_links":{"self":[{"href":"https:\/\/www.messinaoggi.it\/website\/wp-json\/wp\/v2\/posts\/187994"}],"collection":[{"href":"https:\/\/www.messinaoggi.it\/website\/wp-json\/wp\/v2\/posts"}],"about":[{"href":"https:\/\/www.messinaoggi.it\/website\/wp-json\/wp\/v2\/types\/post"}],"author":[{"embeddable":true,"href":"https:\/\/www.messinaoggi.it\/website\/wp-json\/wp\/v2\/users\/8"}],"replies":[{"embeddable":true,"href":"https:\/\/www.messinaoggi.it\/website\/wp-json\/wp\/v2\/comments?post=187994"}],"version-history":[{"count":1,"href":"https:\/\/www.messinaoggi.it\/website\/wp-json\/wp\/v2\/posts\/187994\/revisions"}],"predecessor-version":[{"id":187997,"href":"https:\/\/www.messinaoggi.it\/website\/wp-json\/wp\/v2\/posts\/187994\/revisions\/187997"}],"wp:featuredmedia":[{"embeddable":true,"href":"https:\/\/www.messinaoggi.it\/website\/wp-json\/wp\/v2\/media\/14922"}],"wp:attachment":[{"href":"https:\/\/www.messinaoggi.it\/website\/wp-json\/wp\/v2\/media?parent=187994"}],"wp:term":[{"taxonomy":"category","embeddable":true,"href":"https:\/\/www.messinaoggi.it\/website\/wp-json\/wp\/v2\/categories?post=187994"},{"taxonomy":"post_tag","embeddable":true,"href":"https:\/\/www.messinaoggi.it\/website\/wp-json\/wp\/v2\/tags?post=187994"}],"curies":[{"name":"wp","href":"https:\/\/api.w.org\/{rel}","templated":true}]}}