{"id":187946,"date":"2024-02-19T20:22:20","date_gmt":"2024-02-19T19:22:20","guid":{"rendered":"http:\/\/www.messinaoggi.it\/website\/?p=187946"},"modified":"2024-02-19T20:22:27","modified_gmt":"2024-02-19T19:22:27","slug":"europa-sanita-scuola-e-legalita-il-pd-torna-a-confrontarsi","status":"publish","type":"post","link":"https:\/\/www.messinaoggi.it\/website\/2024\/02\/19\/europa-sanita-scuola-e-legalita-il-pd-torna-a-confrontarsi\/","title":{"rendered":"Europa, sanit\u00e0, scuola e legalit\u00e0, il PD torna a confrontarsi"},"content":{"rendered":"\n<p>Si terr\u00e0 il 22 e 23 marzo a Caltanissetta la conferenza programmatica del Partito Democratico siciliano. E\u2019 quanto \u00e8 stato stabilito nel corso della riunione della segreteria regionale del PD Sicilia, allargata ai segretari di federazione provinciale, su proposta del segretario regionale Anthony Barbagallo.<div id=\"div-gpt-ad-Messinaoggi.it-DSK-300x250-corpoart\" style=\"text-align:center;margin:0 auto;\"><\/div><\/p>\n\n\n\n<p>Nel corso della due giorni nel capoluogo nisseno si discuter\u00e0 di Europa, sanit\u00e0, scuola, legalit\u00e0. Ma \u00e8 previsto anche lo svolgimento della Direzione regionale che avr\u00e0 come tema principale, tra gli altri, le prossime elezioni europee ed amministrative che vedranno al voto complessivamente 36 comuni siciliani, tra cui \u2013 solo per citare i pi\u00f9 grossi \u2013 Gela, Bagheria, Monreale, Mazara, Castelvetrano, Acicastello, Pachino e l\u2019unico capoluogo di provincia interessato in questa tornata elettorale, ovvero Caltanissetta.<div id=\"videoincontent\" style=\"clear:both\";><\/div><\/p>\n","protected":false},"excerpt":{"rendered":"<p>Si terr\u00e0 il 22 e 23 marzo a Caltanissetta la conferenza programmatica del Partito Democratico siciliano. E\u2019 quanto \u00e8 stato stabilito nel corso della riunione della segreteria regionale del PD Sicilia, allargata ai segretari di federazione provinciale, su proposta del segretario regionale Anthony Barbagallo. Nel corso della due giorni nel capoluogo nisseno si discuter\u00e0 di [&hellip;]<\/p>\n","protected":false},"author":4,"featured_media":119276,"comment_status":"open","ping_status":"open","sticky":false,"template":"","format":"standard","meta":{"ub_ctt_via":"","_mi_skip_tracking":false},"categories":[4],"tags":[5344,610],"featured_image_src":"https:\/\/www.messinaoggi.it\/website\/wp-content\/uploads\/2022\/08\/barbagallo-pd-e1617275640702-3-71cf9p7aojbwd8axxhfqvd1m68oe0a2ukpqsb5pwuo6.jpg","author_info":{"display_name":"redme","author_link":"https:\/\/www.messinaoggi.it\/website\/author\/redme\/"},"digistream_id":0,"digistream":false,"_links":{"self":[{"href":"https:\/\/www.messinaoggi.it\/website\/wp-json\/wp\/v2\/posts\/187946"}],"collection":[{"href":"https:\/\/www.messinaoggi.it\/website\/wp-json\/wp\/v2\/posts"}],"about":[{"href":"https:\/\/www.messinaoggi.it\/website\/wp-json\/wp\/v2\/types\/post"}],"author":[{"embeddable":true,"href":"https:\/\/www.messinaoggi.it\/website\/wp-json\/wp\/v2\/users\/4"}],"replies":[{"embeddable":true,"href":"https:\/\/www.messinaoggi.it\/website\/wp-json\/wp\/v2\/comments?post=187946"}],"version-history":[{"count":2,"href":"https:\/\/www.messinaoggi.it\/website\/wp-json\/wp\/v2\/posts\/187946\/revisions"}],"predecessor-version":[{"id":187948,"href":"https:\/\/www.messinaoggi.it\/website\/wp-json\/wp\/v2\/posts\/187946\/revisions\/187948"}],"wp:featuredmedia":[{"embeddable":true,"href":"https:\/\/www.messinaoggi.it\/website\/wp-json\/wp\/v2\/media\/119276"}],"wp:attachment":[{"href":"https:\/\/www.messinaoggi.it\/website\/wp-json\/wp\/v2\/media?parent=187946"}],"wp:term":[{"taxonomy":"category","embeddable":true,"href":"https:\/\/www.messinaoggi.it\/website\/wp-json\/wp\/v2\/categories?post=187946"},{"taxonomy":"post_tag","embeddable":true,"href":"https:\/\/www.messinaoggi.it\/website\/wp-json\/wp\/v2\/tags?post=187946"}],"curies":[{"name":"wp","href":"https:\/\/api.w.org\/{rel}","templated":true}]}}