{"id":187722,"date":"2024-02-17T12:15:28","date_gmt":"2024-02-17T11:15:28","guid":{"rendered":"http:\/\/www.messinaoggi.it\/website\/?p=187722"},"modified":"2024-02-17T12:15:29","modified_gmt":"2024-02-17T11:15:29","slug":"meteo-si-prevede-un-weekend-discreto-prossima-settimana-instabile","status":"publish","type":"post","link":"https:\/\/www.messinaoggi.it\/website\/2024\/02\/17\/meteo-si-prevede-un-weekend-discreto-prossima-settimana-instabile\/","title":{"rendered":"Meteo, si prevede un weekend discreto. Prossima settimana instabile"},"content":{"rendered":"\n<p>Questo fallimentare inverno assolutamente amorfo per la Sicilia, non ha mai compiuto il salto di qualit\u00e0, permanendo impelagato nella sua mediocrit\u00e0. In questi giorni la nostra regione \u00e8 avvoltolata da una copertura anticiclonica strutturalmente poco giunonica, che non inibisce la cumulo genesi marittima. I massimi di gpt decentrati sulla penisola iberica inclinando il vertice della capanna anticiclonica verso la Francia, mentre un debole cut off penetrato in Algeria favorisce l&#8217;ingresso di aliti meridionali.<div id=\"div-gpt-ad-Messinaoggi.it-DSK-300x250-corpoart\" style=\"text-align:center;margin:0 auto;\"><\/div><\/p>\n\n\n\n<p>Poco o nulla muter\u00e0 in chiave sinottica nelle prossime ore, con il fallace campo di relativa alta pressione che neutralizzer\u00e0 ogni irruzione perturbata. Domenica il tempo sar\u00e0 sostanzialmente buono, con cielo che spazier\u00e0 dal quasi sereno all&#8217;irregolarmente nuvoloso, senza fenomeni di sorta. I venti spireranno a regime di brezza dai quadranti occidentali, mantenendo il Tirreno localmente mosso e lo Stretto di Messina pressoch\u00e9 calmo domenica dopo la risacca di oggi.<div id=\"videoincontent\" style=\"clear:both\";><\/div><\/p>\n\n\n\n<p>La temperatura non evidenzier\u00e0 alcuna variazione drastica, oscillando dai 10\u00b0 di minima ai 15\u00b0 di Messina. Il tasso dell&#8217;umidit\u00e0 relativa far\u00e0 segnare valori elevati compreso fra il 60 e l &#8216;80%. Le tendenze del tempo a medio termine prefigurano un netto decadimento del campo barico, per mano di correnti orientali lievemente instabili. Ma di serie perturbazioni nemmeno a parlarne. Qualcosina bolle in pentola soltanto dopo il 24 grazie all&#8217;arrembante Atlantico.<\/p>\n\n\n\n<p><strong>Alessio Campobello<\/strong><\/p>\n","protected":false},"excerpt":{"rendered":"<p>Questo fallimentare inverno assolutamente amorfo per la Sicilia, non ha mai compiuto il salto di qualit\u00e0, permanendo impelagato nella sua mediocrit\u00e0. In questi giorni la nostra regione \u00e8 avvoltolata da una copertura anticiclonica strutturalmente poco giunonica, che non inibisce la cumulo genesi marittima. I massimi di gpt decentrati sulla penisola iberica inclinando il vertice della [&hellip;]<\/p>\n","protected":false},"author":8,"featured_media":187723,"comment_status":"open","ping_status":"open","sticky":false,"template":"","format":"standard","meta":{"ub_ctt_via":"","_mi_skip_tracking":false},"categories":[5],"tags":[1225,178],"featured_image_src":"https:\/\/www.messinaoggi.it\/website\/wp-content\/uploads\/2024\/02\/8c88aac8-5722-44c3-b82f-e36666f8d225.jpg","author_info":{"display_name":"red..me","author_link":"https:\/\/www.messinaoggi.it\/website\/author\/redstage\/"},"digistream_id":0,"digistream":false,"_links":{"self":[{"href":"https:\/\/www.messinaoggi.it\/website\/wp-json\/wp\/v2\/posts\/187722"}],"collection":[{"href":"https:\/\/www.messinaoggi.it\/website\/wp-json\/wp\/v2\/posts"}],"about":[{"href":"https:\/\/www.messinaoggi.it\/website\/wp-json\/wp\/v2\/types\/post"}],"author":[{"embeddable":true,"href":"https:\/\/www.messinaoggi.it\/website\/wp-json\/wp\/v2\/users\/8"}],"replies":[{"embeddable":true,"href":"https:\/\/www.messinaoggi.it\/website\/wp-json\/wp\/v2\/comments?post=187722"}],"version-history":[{"count":1,"href":"https:\/\/www.messinaoggi.it\/website\/wp-json\/wp\/v2\/posts\/187722\/revisions"}],"predecessor-version":[{"id":187724,"href":"https:\/\/www.messinaoggi.it\/website\/wp-json\/wp\/v2\/posts\/187722\/revisions\/187724"}],"wp:featuredmedia":[{"embeddable":true,"href":"https:\/\/www.messinaoggi.it\/website\/wp-json\/wp\/v2\/media\/187723"}],"wp:attachment":[{"href":"https:\/\/www.messinaoggi.it\/website\/wp-json\/wp\/v2\/media?parent=187722"}],"wp:term":[{"taxonomy":"category","embeddable":true,"href":"https:\/\/www.messinaoggi.it\/website\/wp-json\/wp\/v2\/categories?post=187722"},{"taxonomy":"post_tag","embeddable":true,"href":"https:\/\/www.messinaoggi.it\/website\/wp-json\/wp\/v2\/tags?post=187722"}],"curies":[{"name":"wp","href":"https:\/\/api.w.org\/{rel}","templated":true}]}}