{"id":187489,"date":"2024-02-15T17:23:47","date_gmt":"2024-02-15T16:23:47","guid":{"rendered":"http:\/\/www.messinaoggi.it\/website\/?p=187489"},"modified":"2024-02-15T17:24:05","modified_gmt":"2024-02-15T16:24:05","slug":"ponte-sullo-stretto-via-libera-al-progetto-definitivo","status":"publish","type":"post","link":"https:\/\/www.messinaoggi.it\/website\/2024\/02\/15\/ponte-sullo-stretto-via-libera-al-progetto-definitivo\/","title":{"rendered":"Ponte sullo Stretto, via libera al progetto definitivo"},"content":{"rendered":"\n<p>Il Consiglio di Amministrazione della Stretto di Messina ha approvato l&#8217;aggiornamento del progetto definitivo del Ponte, impantanato dal 2011. L&#8217;ok dopo il tavolo tecnico presieduto da Giuseppe Recchi durante il quale l&#8217;amministratore delegato della Spa, Pietro Ciucci, ha presentato la relazione del progettista e l\u2019ulteriore documentazione progettuale finalizzata al riavvio della realizzazione dell\u2019opera, come previsto dalla legge.<div id=\"div-gpt-ad-Messinaoggi.it-DSK-300x250-corpoart\" style=\"text-align:center;margin:0 auto;\"><\/div><\/p>\n\n\n\n<p>Autostrada, ferrovie e metropolitana dello Stretto: cosa prevede il progetto del Ponte<br>La relazione \u00e8 stata predisposta dal contraente generale Eurolink, guidato dal Gruppo Webuild. L\u2019approvazione della Relazione \u00e8 il risultato di un articolato sistema di verifiche posto in essere dalla Stretto di Messina che, oltre alla Direzione Tecnica della Societ\u00e0, ha coinvolto la Parsons Transportation Group in qualit\u00e0 di Project Management Consultant e un Expert Panel quale organo a supporto per le attivit\u00e0 tecnico-specialistiche di Alta Sorveglianza, composto da quattro massimi rappresentanti nelle discipline di aerodinamica-aeroelastica, sismica, geotecnica e ambiente. La Societ\u00e0 ha acquisito dal Comitato scientifico il parere favorevole con raccomandazioni sulla relazione. Il Comitato Scientifico \u00e8 un Organo autonomo e indipendente istituito dalla Legge 1158\/1971, composto da nove esperti nominati dal ministero delle Infrastrutture e dei Trasporti d\u2019intesa con la Regione Calabria e la Regione Siciliana.<div id=\"videoincontent\" style=\"clear:both\";><\/div><\/p>\n\n\n\n<p>\u201c\u00c8 un grande risultato \u2013 ha commentato Pietro Ciucci \u2013 ottenuto in pochi mesi grazie all\u2019impegno del governo, in particolare del Ministro delle Infrastrutture, Matteo Salvini, e al lavoro del Contraente generale Eurolink, della Societ\u00e0 Stretto di Messina e dei nostri altri contraenti ed esperti nelle diverse discipline ingegneristiche legate al ponte. Si conferma un progetto straordinario, tecnicamente all\u2019avanguardia e di riferimento a livello internazionale. Dopo i molti ponti \u201cMessina Style\u201d costruiti nel mondo, \u00e8 il momento di realizzarlo nello Stretto di Messina\u201d.<\/p>\n","protected":false},"excerpt":{"rendered":"<p>Il Consiglio di Amministrazione della Stretto di Messina ha approvato l&#8217;aggiornamento del progetto definitivo del Ponte, impantanato dal 2011. L&#8217;ok dopo il tavolo tecnico presieduto da Giuseppe Recchi durante il quale l&#8217;amministratore delegato della Spa, Pietro Ciucci, ha presentato la relazione del progettista e l\u2019ulteriore documentazione progettuale finalizzata al riavvio della realizzazione dell\u2019opera, come previsto [&hellip;]<\/p>\n","protected":false},"author":4,"featured_media":154042,"comment_status":"open","ping_status":"open","sticky":false,"template":"","format":"standard","meta":{"ub_ctt_via":"","_mi_skip_tracking":false},"categories":[6],"tags":[630],"featured_image_src":"https:\/\/www.messinaoggi.it\/website\/wp-content\/uploads\/2023\/05\/unnamed-1.jpg","author_info":{"display_name":"redme","author_link":"https:\/\/www.messinaoggi.it\/website\/author\/redme\/"},"digistream_id":0,"digistream":false,"_links":{"self":[{"href":"https:\/\/www.messinaoggi.it\/website\/wp-json\/wp\/v2\/posts\/187489"}],"collection":[{"href":"https:\/\/www.messinaoggi.it\/website\/wp-json\/wp\/v2\/posts"}],"about":[{"href":"https:\/\/www.messinaoggi.it\/website\/wp-json\/wp\/v2\/types\/post"}],"author":[{"embeddable":true,"href":"https:\/\/www.messinaoggi.it\/website\/wp-json\/wp\/v2\/users\/4"}],"replies":[{"embeddable":true,"href":"https:\/\/www.messinaoggi.it\/website\/wp-json\/wp\/v2\/comments?post=187489"}],"version-history":[{"count":1,"href":"https:\/\/www.messinaoggi.it\/website\/wp-json\/wp\/v2\/posts\/187489\/revisions"}],"predecessor-version":[{"id":187490,"href":"https:\/\/www.messinaoggi.it\/website\/wp-json\/wp\/v2\/posts\/187489\/revisions\/187490"}],"wp:featuredmedia":[{"embeddable":true,"href":"https:\/\/www.messinaoggi.it\/website\/wp-json\/wp\/v2\/media\/154042"}],"wp:attachment":[{"href":"https:\/\/www.messinaoggi.it\/website\/wp-json\/wp\/v2\/media?parent=187489"}],"wp:term":[{"taxonomy":"category","embeddable":true,"href":"https:\/\/www.messinaoggi.it\/website\/wp-json\/wp\/v2\/categories?post=187489"},{"taxonomy":"post_tag","embeddable":true,"href":"https:\/\/www.messinaoggi.it\/website\/wp-json\/wp\/v2\/tags?post=187489"}],"curies":[{"name":"wp","href":"https:\/\/api.w.org\/{rel}","templated":true}]}}