{"id":187416,"date":"2024-02-14T23:16:32","date_gmt":"2024-02-14T22:16:32","guid":{"rendered":"http:\/\/www.messinaoggi.it\/website\/?p=187416"},"modified":"2024-02-14T23:16:45","modified_gmt":"2024-02-14T22:16:45","slug":"laccoto-conserva-il-posto-allars","status":"publish","type":"post","link":"https:\/\/www.messinaoggi.it\/website\/2024\/02\/14\/laccoto-conserva-il-posto-allars\/","title":{"rendered":"Laccoto conserva il posto all&#8217;Ars"},"content":{"rendered":"\n<p>Giuseppe Laccoto resta all\u2019Assemblea regionale siciliana. Lo ha stabilito il Consiglio di Giustizia Amministrativa per la Regione Siciliana con ordinanza n. 113 del 14.2.2024 con la quale ha smentito le non veritiere voci diffuse all\u2019indomani dell\u2019Udienza pubblica del 23 novembre 2023. Con l&#8217;ordinanza, il Cga per la Regione siciliana ha solo disposto un\u2019istruttoria con la quale ha accolto le istanze di Laccoto disponendo che la Prefettura dovr\u00e0 verificare sia quanto richiesto da Luigi Genovese, sia quanto richiesto da Giuseppe Laccoto che ha pure impugnato incidentalmente la sentenza del Tar di Palermo rivendicando il riconoscimento di un numero di voti ancora maggiore, non meno di 130, di quello che gli ha consentito di assumere la carica di deputato all\u2019Ars. Laccoto rinnova la fiducia nell\u2019operato della magistratura nella certezza del fatto che, all\u2019esito della disposta istruttoria, il giudizio che si concluder\u00e0 fra molti mesi, confermer\u00e0 la volont\u00e0 popolare che lo ha voluto premiare.<div id=\"div-gpt-ad-Messinaoggi.it-DSK-300x250-corpoart\" style=\"text-align:center;margin:0 auto;\"><\/div><\/p>\n<div id=\"videoincontent\" style=\"clear:both\";><\/div>","protected":false},"excerpt":{"rendered":"<p>Giuseppe Laccoto resta all\u2019Assemblea regionale siciliana. Lo ha stabilito il Consiglio di Giustizia Amministrativa per la Regione Siciliana con ordinanza n. 113 del 14.2.2024 con la quale ha smentito le non veritiere voci diffuse all\u2019indomani dell\u2019Udienza pubblica del 23 novembre 2023. Con l&#8217;ordinanza, il Cga per la Regione siciliana ha solo disposto un\u2019istruttoria con la [&hellip;]<\/p>\n","protected":false},"author":4,"featured_media":47203,"comment_status":"open","ping_status":"open","sticky":false,"template":"","format":"standard","meta":{"ub_ctt_via":"","_mi_skip_tracking":false},"categories":[4],"tags":[601,811],"featured_image_src":"https:\/\/www.messinaoggi.it\/website\/wp-content\/uploads\/2020\/09\/F2EA4169-55A4-4648-A4CA-040710EDD58C.jpeg","author_info":{"display_name":"redme","author_link":"https:\/\/www.messinaoggi.it\/website\/author\/redme\/"},"digistream_id":0,"digistream":false,"_links":{"self":[{"href":"https:\/\/www.messinaoggi.it\/website\/wp-json\/wp\/v2\/posts\/187416"}],"collection":[{"href":"https:\/\/www.messinaoggi.it\/website\/wp-json\/wp\/v2\/posts"}],"about":[{"href":"https:\/\/www.messinaoggi.it\/website\/wp-json\/wp\/v2\/types\/post"}],"author":[{"embeddable":true,"href":"https:\/\/www.messinaoggi.it\/website\/wp-json\/wp\/v2\/users\/4"}],"replies":[{"embeddable":true,"href":"https:\/\/www.messinaoggi.it\/website\/wp-json\/wp\/v2\/comments?post=187416"}],"version-history":[{"count":1,"href":"https:\/\/www.messinaoggi.it\/website\/wp-json\/wp\/v2\/posts\/187416\/revisions"}],"predecessor-version":[{"id":187417,"href":"https:\/\/www.messinaoggi.it\/website\/wp-json\/wp\/v2\/posts\/187416\/revisions\/187417"}],"wp:featuredmedia":[{"embeddable":true,"href":"https:\/\/www.messinaoggi.it\/website\/wp-json\/wp\/v2\/media\/47203"}],"wp:attachment":[{"href":"https:\/\/www.messinaoggi.it\/website\/wp-json\/wp\/v2\/media?parent=187416"}],"wp:term":[{"taxonomy":"category","embeddable":true,"href":"https:\/\/www.messinaoggi.it\/website\/wp-json\/wp\/v2\/categories?post=187416"},{"taxonomy":"post_tag","embeddable":true,"href":"https:\/\/www.messinaoggi.it\/website\/wp-json\/wp\/v2\/tags?post=187416"}],"curies":[{"name":"wp","href":"https:\/\/api.w.org\/{rel}","templated":true}]}}