{"id":18733,"date":"2018-04-28T20:41:38","date_gmt":"2018-04-28T18:41:38","guid":{"rendered":"http:\/\/www.messinaoggi.it\/website\/?p=18733"},"modified":"2018-04-28T20:41:38","modified_gmt":"2018-04-28T18:41:38","slug":"taormina-celebra-la-giornata-mondiale-unesco-del-libro-e-diritti-dautore","status":"publish","type":"post","link":"https:\/\/www.messinaoggi.it\/website\/2018\/04\/28\/taormina-celebra-la-giornata-mondiale-unesco-del-libro-e-diritti-dautore\/","title":{"rendered":"Taormina celebra la &quot;Giornata mondiale Unesco del libro e diritti d&#039;autore&quot;"},"content":{"rendered":"<p>Nell\u2019ambito\u00a0 delle iniziative educative, \u00a0culturali e scientifiche\u00a0 promosse dai Club per l\u2019Unesco in tutto il mondo, \u00e8 stata celebrata la &#8220;Giornata mondiale Unesco del libro e diritto d&#8217;autore&#8221;. Ha introdotto il convegno, Carlo Turchetti, socio Unesco e Past Governatore Kiwanis International Distretto Italia S. Marino, che ha dato inizio alla manifestazione per la presentazione del libro &#8220;Lettere a Francesca&#8221; di Enzo Tortora.<br \/>\nIl consigliere comunale, Salvatore Brocato, ha intrattenuto il pubblico con un garbato cenno di saluto e di benvenuto. Ha ringraziato gli ospiti ponendo nel dovuto risalto l\u2019importanza che\u00a0 riveste per la citt\u00e0 un convegno di tale valenza.Giuseppe Tindaro Toscano, Presidente del Club per l\u2019Unesco Taormina Valli d\u2019Alcantara e d\u2019Agr\u00f2, che, ha effettuato una breve introduzione sull\u2019importanza della giornata mondiale Unesco.<br \/>\nSalvatore Pennisi ha tracciato un excursus, nella sua qualit\u00e0 di coordinatore delle Attivit\u00e0 Culturali del Club per l\u2019Unesco di Taormina, ed ha tracciato il percorso ed un piano per il raggiungimento di pi\u00f9\u00a0 ambiziosi obiettivi. Vito Livadia, con eloquio raffinato, ha esposto il suo pensiero in ordine all\u2019importanza degli ideali nel quadro associativo al fine di produrre cultura, scienza\u00a0 ed educazione.<br \/>\nGiuseppe Azzar\u00e0, segretario nazionale del Kiwanis unternational Distretto Italia San Marino, nel suo breve indirizzo di saluto ha ringraziato l\u2019Unesco, per il processo di collaborazione in corso e sottolineato come le due associazioni hanno molti punti di contatto e assonanza di ideali. Ha testimoniato con la sua stimata\u00a0 presenza Gaetano Caliri,\u00a0 presidente della neo\u00a0 costituita Proloco di Taormina insieme a Giuseppe Spart\u00e0 grande coordinatore di iniziative culturali. Su questo nuovo sodalizio si sono accese mille speranze per la citt\u00e0 del Centauro. Molto apprezzata \u00e8 stata la\u00a0 presenza dei rappresentanti delle altre pregevoli quanto benemerite Associazioni locali che, tutte insieme,\u00a0 con le loro proposte originali\u00a0 e molteplici iniziative coltivano progetti coinvolgenti,\u00a0 disegni\u00a0 concreti e variegati\u00a0 interessi ricchi di originalit\u00e0 e tensioni\u00a0 emotive,\u00a0 contribuendo, con le loro molteplici attivit\u00e0,\u00a0 ad accordare lustro e crescente attenzione verso Taormina. In particolare la Fidapa con la presenza di Rossella Castorina e Unitre, Letizia Latona, presidente del club di Taormina, che hanno concesso la loro preziosa partecipazione. Molto seguiti gli interventi della presidente Unite Latona e del presidente Castorina in ordine alla emozione suscitata da parte di tutti gli oratori che si sono succeduti\u00a0 per l\u2019elevato livello tecnico e professionale e l\u2019eloquenza dialettica idonea a\u00a0 creare una forte partecipazione e suscitare intense emozioni al convegno.<br \/>\nUn grazie particolare \u00e8 andato ai\u00a0 vertici dei Club Kiwanis Tauromenion, Club Antonello da Messina e Club Juppiter di Reggio Calabria ed a Salvatore Ruello per la sua presenza. Giorgio Varano nella sua qualit\u00e0 di responsabile della Comunicazione dell\u2019Ucpi ha moderato l\u2019incontro con adeguata sensibilit\u00e0\u00a0 e\u00a0 inappuntabile precisione.<br \/>\nSplendida \u00e8 stata la partecipazione di un pubblico numeroso, variegato,\u00a0 attento ed\u00a0 emotivamente coinvolto.<br \/>\nIl libro, \u00a0\u201cLettere a Francesca\u201d di Tortora, nella sua essenza creativa, \u00e8 stato narrato\u00a0 dalla stessa protagonista, Francesca\u00a0 Scopelliti\u00a0 che, con la sua delicata passione espositiva ha trascinato il pubblico all\u2019interno del suo dramma personale con misurato distacco e\u00a0 calamitato su di se\u00a0 tanta\u00a0 esaltante\u00a0 attenzione.<br \/>\nPregevole l\u2019intervento di Giuseppe Traina che ha reso il pubblico partecipe delle vicende umane di Tortora cos\u00ec come disperatamente autentiche appaiono nel testo dell\u2019autore dal quale\u00a0 l\u2019oratore non si \u00e8 mai distaccato.<br \/>\nL\u2019 attesa relazione\u00a0 di Beniamino Migliucci, \u00a0presidente dell\u2019Unione Camere Penali, \u00e8 stata decisamente dotta, equilibrato e di forte valenza. Drammatica la narrazione del doloroso processo giudiziario di Tortora. Nessuna ambiguit\u00e0 nella sua stringente disamina dei fatti. Piuttosto una logica di percorso che ha letteralmente affascinato gli ascoltatori.<br \/>\nTurchetti, dopo\u00a0 una suggestiva quanto misurata narrazione del contesto storico ambientale entro il quale il libro \u201cLettere a Francesca\u201d\u00a0 trova il suo humus\u00a0 e sfuma nei sentimenti,\u00a0 annulla le linee di contorno e con linguaggio attenuato accenna alla eziologia delle condizioni storiche che, tanto tempo prima, produssero quello che con estrema sintesi\u00a0 fu definito\u00a0 un corto circuito giudiziario.<br \/>\nUna tempesta perfetta creatasi da mille fattori imperscrutabili\u00a0 che hanno lacerato la carne e l\u2019anima dell\u2019 uomo perbene e mai dimenticato che fu Tortora.<br \/>\n\u201cIl libro nel suo contenuto, da leggersi d\u2019un fiato &#8211; dice Turchetti &#8211; \u00e8 intriso di\u00a0 emozioni che sconvolgono l\u2019anima di insopprimibile angoscia. A me il compito e il privilegio di averlo proposto alle amiche ed agli amici presenti, certo di aver adempiuto all\u2019obiettivo che mi ero proposto nell\u2019ambito della cultura\u00a0 ed in perfetta assonanza con l\u2019assunto che\u00a0 in premessa si \u00e8\u00a0 prospettato in questa straordinaria \u00a0&#8220;Giornata mondiale Unesco del Libro e Diritti d\u2019autore&#8221;.<div id=\"div-gpt-ad-Messinaoggi.it-DSK-300x250-corpoart\" style=\"text-align:center;margin:0 auto;\"><\/div><\/p>\n<div id=\"videoincontent\" style=\"clear:both\";><\/div>","protected":false},"excerpt":{"rendered":"<p>Nell\u2019ambito\u00a0 delle iniziative educative, \u00a0culturali e scientifiche\u00a0 promosse dai Club per l\u2019Unesco in tutto il mondo, \u00e8 stata celebrata la &#8220;Giornata mondiale Unesco del libro e diritto d&#8217;autore&#8221;. Ha introdotto il convegno, Carlo Turchetti, socio Unesco e Past Governatore Kiwanis International Distretto Italia S. Marino, che ha dato inizio alla manifestazione per la presentazione del [&hellip;]<\/p>\n","protected":false},"author":4,"featured_media":18737,"comment_status":"closed","ping_status":"open","sticky":false,"template":"","format":"standard","meta":{"ub_ctt_via":"","_mi_skip_tracking":false},"categories":[3],"tags":[],"featured_image_src":"https:\/\/www.messinaoggi.it\/website\/wp-content\/uploads\/2018\/04\/IMG-20180428-WA0007-1.jpg","author_info":{"display_name":"redme","author_link":"https:\/\/www.messinaoggi.it\/website\/author\/redme\/"},"digistream_id":0,"digistream":false,"_links":{"self":[{"href":"https:\/\/www.messinaoggi.it\/website\/wp-json\/wp\/v2\/posts\/18733"}],"collection":[{"href":"https:\/\/www.messinaoggi.it\/website\/wp-json\/wp\/v2\/posts"}],"about":[{"href":"https:\/\/www.messinaoggi.it\/website\/wp-json\/wp\/v2\/types\/post"}],"author":[{"embeddable":true,"href":"https:\/\/www.messinaoggi.it\/website\/wp-json\/wp\/v2\/users\/4"}],"replies":[{"embeddable":true,"href":"https:\/\/www.messinaoggi.it\/website\/wp-json\/wp\/v2\/comments?post=18733"}],"version-history":[{"count":0,"href":"https:\/\/www.messinaoggi.it\/website\/wp-json\/wp\/v2\/posts\/18733\/revisions"}],"wp:featuredmedia":[{"embeddable":true,"href":"https:\/\/www.messinaoggi.it\/website\/wp-json\/wp\/v2\/media\/18737"}],"wp:attachment":[{"href":"https:\/\/www.messinaoggi.it\/website\/wp-json\/wp\/v2\/media?parent=18733"}],"wp:term":[{"taxonomy":"category","embeddable":true,"href":"https:\/\/www.messinaoggi.it\/website\/wp-json\/wp\/v2\/categories?post=18733"},{"taxonomy":"post_tag","embeddable":true,"href":"https:\/\/www.messinaoggi.it\/website\/wp-json\/wp\/v2\/tags?post=18733"}],"curies":[{"name":"wp","href":"https:\/\/api.w.org\/{rel}","templated":true}]}}