{"id":18729,"date":"2018-04-28T15:34:54","date_gmt":"2018-04-28T13:34:54","guid":{"rendered":"http:\/\/www.messinaoggi.it\/website\/?p=18729"},"modified":"2018-04-28T15:34:54","modified_gmt":"2018-04-28T13:34:54","slug":"messina-con-il-paceco-lultima-fatica-casalinga-ma-si-guarda-gia-al-futuro","status":"publish","type":"post","link":"https:\/\/www.messinaoggi.it\/website\/2018\/04\/28\/messina-con-il-paceco-lultima-fatica-casalinga-ma-si-guarda-gia-al-futuro\/","title":{"rendered":"Messina, con il Paceco l&#039;ultima fatica casalinga ma si guarda gi\u00e0 al futuro"},"content":{"rendered":"<p style=\"text-align: justify\">Ultimi 180 minuti di una stagione non certamente esaltante per il Messina, che comunque pu\u00f2 chiudere il campionato con altre due vittorie. Sulla strada dei peloritani ci saranno Paceco e Isola di Capo Rizzuto, le due squadre che chiudono la classifica e che da tempo giocano un campionato a parte, destinato alla retrocessione. Questo il destino che potrebbe diventare certezza per i trapanesi domani al \u201cFranco Scoglio\u201d, in quella che per i giallorossi rappresenter\u00e0 la gara di congedo dal pubblico amico.<div id=\"div-gpt-ad-Messinaoggi.it-DSK-300x250-corpoart\" style=\"text-align:center;margin:0 auto;\"><\/div><\/p>\n<p style=\"text-align: justify\">Dopo le polemiche dei giorni scorsi \u00e8 arrivata una leggera schiarita, visto che Tot\u00f2 Cocuzza \u00e8 stato ufficialmente reintegrato nella rosa dopo l\u2019allontanamento avvenuto a poche ore di distanza dalla trasferta di San Cataldo dopo il \u201ccaso stipendi\u201d e la relativa fuga di notizie che ha fatto imbufalire la propriet\u00e0. Una schiarita che per\u00f2 non ha fatto sciogliere il silenzio stampa iniziato una settimana fa, cos\u00ec per Giacomo Modica e il suo vice, Michele Facciolo, continua una preparazione silenziosa.<div id=\"videoincontent\" style=\"clear:both\";><\/div><\/p>\n<p style=\"text-align: justify\">Inevitabilmente, per\u00f2, l\u2019interesse dei tifosi \u00e8 legato al futuro della societ\u00e0, l\u2019ipotesi paventata da Pietro Sciotto, che in un accorato comunicato stampa aveva dichiarato di voler riflettere sulla propria volont\u00e0 di continuare alla guida della societ\u00e0 peloritana, \u00e8 parso come uno sfogo momentaneo, ma adesso serve ragionare su come costruire il Messina che verr\u00e0. Modica e il ds, Francesco\u00a0 Lamazza qualche giorno fa hanno incontrato Sciotto, che ha evidenziato la volont\u00e0 di voler continuare il percorso avviato quest\u2019anno, allestendo una squadra di livello.<\/p>\n","protected":false},"excerpt":{"rendered":"<p>Ultimi 180 minuti di una stagione non certamente esaltante per il Messina, che comunque pu\u00f2 chiudere il campionato con altre due vittorie. Sulla strada dei peloritani ci saranno Paceco e Isola di Capo Rizzuto, le due squadre che chiudono la classifica e che da tempo giocano un campionato a parte, destinato alla retrocessione. Questo il [&hellip;]<\/p>\n","protected":false},"author":14,"featured_media":17587,"comment_status":"closed","ping_status":"open","sticky":false,"template":"","format":"standard","meta":{"ub_ctt_via":"","_mi_skip_tracking":false},"categories":[10],"tags":[],"featured_image_src":"https:\/\/www.messinaoggi.it\/website\/wp-content\/uploads\/2018\/03\/1-gol-del-messina-messina-ercolaneseRRP_7297-1.jpg","author_info":{"display_name":"Antonio Macauda","author_link":"https:\/\/www.messinaoggi.it\/website\/author\/a-macauda\/"},"digistream_id":0,"digistream":false,"_links":{"self":[{"href":"https:\/\/www.messinaoggi.it\/website\/wp-json\/wp\/v2\/posts\/18729"}],"collection":[{"href":"https:\/\/www.messinaoggi.it\/website\/wp-json\/wp\/v2\/posts"}],"about":[{"href":"https:\/\/www.messinaoggi.it\/website\/wp-json\/wp\/v2\/types\/post"}],"author":[{"embeddable":true,"href":"https:\/\/www.messinaoggi.it\/website\/wp-json\/wp\/v2\/users\/14"}],"replies":[{"embeddable":true,"href":"https:\/\/www.messinaoggi.it\/website\/wp-json\/wp\/v2\/comments?post=18729"}],"version-history":[{"count":0,"href":"https:\/\/www.messinaoggi.it\/website\/wp-json\/wp\/v2\/posts\/18729\/revisions"}],"wp:featuredmedia":[{"embeddable":true,"href":"https:\/\/www.messinaoggi.it\/website\/wp-json\/wp\/v2\/media\/17587"}],"wp:attachment":[{"href":"https:\/\/www.messinaoggi.it\/website\/wp-json\/wp\/v2\/media?parent=18729"}],"wp:term":[{"taxonomy":"category","embeddable":true,"href":"https:\/\/www.messinaoggi.it\/website\/wp-json\/wp\/v2\/categories?post=18729"},{"taxonomy":"post_tag","embeddable":true,"href":"https:\/\/www.messinaoggi.it\/website\/wp-json\/wp\/v2\/tags?post=18729"}],"curies":[{"name":"wp","href":"https:\/\/api.w.org\/{rel}","templated":true}]}}