{"id":187269,"date":"2024-02-14T09:45:40","date_gmt":"2024-02-14T08:45:40","guid":{"rendered":"http:\/\/www.messinaoggi.it\/website\/?p=187269"},"modified":"2024-02-14T09:45:41","modified_gmt":"2024-02-14T08:45:41","slug":"comitato-ponte-e-liberta-su-esposto-di-pd-e-avs-contro-linfrastruttura-non-sanno-a-cosa-aggrapparsi","status":"publish","type":"post","link":"https:\/\/www.messinaoggi.it\/website\/2024\/02\/14\/comitato-ponte-e-liberta-su-esposto-di-pd-e-avs-contro-linfrastruttura-non-sanno-a-cosa-aggrapparsi\/","title":{"rendered":"Comitato Ponte e Libert\u00e0 su esposto di Pd e Avs contro l\u2019infrastruttura: \u201cNon sanno a cosa aggrapparsi\u201d"},"content":{"rendered":"\n<p>L\u2019esposto in procura presentato recentemente dai leader di Pd e Alleanza Verdi-Sinistra (Avs) per la presunta mancata trasparenza sul progetto del Ponte sullo Stretto di Messina e sui fondi per realizzarlo ha suscitato l\u2019immediata reazione del comitato Ponte e Libert\u00e0, favorevole alla realizzazione dell\u2019infrastruttura.<div id=\"div-gpt-ad-Messinaoggi.it-DSK-300x250-corpoart\" style=\"text-align:center;margin:0 auto;\"><\/div><\/p>\n\n\n\n<p>\u201cNon sanno pi\u00f9 a cosa aggrapparsi e ricorrono all&#8217;ultima strada secondo loro percorribile: l&#8217;esposto alla Procura. \u2013 dichiarano il vicecapogruppo della Lega a Palazzo Madama Nino German\u00e0 e gli ingegneri Giacomo Guglielmo e Mauro Fileccia, fondatori del Comitato Ponte e Libert\u00e0 &#8211; Ancora una volta la sinistra (o quello che ne resta) cerca di ottenere dai tribunali quello che non \u00e8 riuscita a raggiungere con il voto democratico degli italiani.<div id=\"videoincontent\" style=\"clear:both\";><\/div><\/p>\n\n\n\n<p>\u201cNon si capisce su quali basi chiedono che si indaghi sul progetto del collegamento stabile che unir\u00e0 la Sicilia all&#8217;Europa e sui fondi necessari per la sua costruzione e per quella delle opere stradali e ferroviarie connesse. Sappiamo che la strada verso il ponte e l&#8217;unione ferroviaria con l&#8217;Europa della Sicilia \u00e8 irta e piena di insidie esclusivamente ideologiche.<\/p>\n\n\n\n<p>\u201cQuesto esposto dimostra in modo chiaro, se ce ne fosse ancora bisogno, chi \u00e8 per il progresso e ama la Sicilia e chi, viaggiando comodamente in Frecciarossa in Continente, obbliga i siciliani a spendere 6,5 miliardi l&#8217;anno in insularit\u00e0, inquinando l&#8217;ambiente del quale si dicono paladini con aerei e navi per soli 3 km. Come al solito avremo ragione anche questa volta. Eppure si muove: ponte e libert\u00e0!\u201d.<\/p>\n","protected":false},"excerpt":{"rendered":"<p>L\u2019esposto in procura presentato recentemente dai leader di Pd e Alleanza Verdi-Sinistra (Avs) per la presunta mancata trasparenza sul progetto del Ponte sullo Stretto di Messina e sui fondi per realizzarlo ha suscitato l\u2019immediata reazione del comitato Ponte e Libert\u00e0, favorevole alla realizzazione dell\u2019infrastruttura. \u201cNon sanno pi\u00f9 a cosa aggrapparsi e ricorrono all&#8217;ultima strada secondo [&hellip;]<\/p>\n","protected":false},"author":8,"featured_media":151538,"comment_status":"open","ping_status":"open","sticky":false,"template":"","format":"standard","meta":{"ub_ctt_via":"","_mi_skip_tracking":false},"categories":[7567],"tags":[9007,9570,3814,610,630],"featured_image_src":"https:\/\/www.messinaoggi.it\/website\/wp-content\/uploads\/2023\/04\/WhatsApp-Image-2023-04-17-at-18.40.41.jpg","author_info":{"display_name":"red..me","author_link":"https:\/\/www.messinaoggi.it\/website\/author\/redstage\/"},"digistream_id":0,"digistream":false,"_links":{"self":[{"href":"https:\/\/www.messinaoggi.it\/website\/wp-json\/wp\/v2\/posts\/187269"}],"collection":[{"href":"https:\/\/www.messinaoggi.it\/website\/wp-json\/wp\/v2\/posts"}],"about":[{"href":"https:\/\/www.messinaoggi.it\/website\/wp-json\/wp\/v2\/types\/post"}],"author":[{"embeddable":true,"href":"https:\/\/www.messinaoggi.it\/website\/wp-json\/wp\/v2\/users\/8"}],"replies":[{"embeddable":true,"href":"https:\/\/www.messinaoggi.it\/website\/wp-json\/wp\/v2\/comments?post=187269"}],"version-history":[{"count":1,"href":"https:\/\/www.messinaoggi.it\/website\/wp-json\/wp\/v2\/posts\/187269\/revisions"}],"predecessor-version":[{"id":187270,"href":"https:\/\/www.messinaoggi.it\/website\/wp-json\/wp\/v2\/posts\/187269\/revisions\/187270"}],"wp:featuredmedia":[{"embeddable":true,"href":"https:\/\/www.messinaoggi.it\/website\/wp-json\/wp\/v2\/media\/151538"}],"wp:attachment":[{"href":"https:\/\/www.messinaoggi.it\/website\/wp-json\/wp\/v2\/media?parent=187269"}],"wp:term":[{"taxonomy":"category","embeddable":true,"href":"https:\/\/www.messinaoggi.it\/website\/wp-json\/wp\/v2\/categories?post=187269"},{"taxonomy":"post_tag","embeddable":true,"href":"https:\/\/www.messinaoggi.it\/website\/wp-json\/wp\/v2\/tags?post=187269"}],"curies":[{"name":"wp","href":"https:\/\/api.w.org\/{rel}","templated":true}]}}