{"id":187246,"date":"2024-02-14T00:08:02","date_gmt":"2024-02-13T23:08:02","guid":{"rendered":"https:\/\/www.messinaoggi.it\/website\/2024\/02\/13\/intesa-nel-governo-sullirpef-agricola-meloni-intervento-piu-equo\/"},"modified":"2024-02-14T11:13:18","modified_gmt":"2024-02-14T10:13:18","slug":"intesa-nel-governo-sullirpef-agricola-meloni-intervento-piu-equo","status":"publish","type":"post","link":"https:\/\/www.messinaoggi.it\/website\/2024\/02\/14\/intesa-nel-governo-sullirpef-agricola-meloni-intervento-piu-equo\/","title":{"rendered":"Intesa nel Governo sull\u2019Irpef agricola, Meloni \u201cIntervento pi\u00f9 equo\u201d"},"content":{"rendered":"<div>ROMA (ITALPRESS) &#8211; Intesa nel governo sulla reintroduzione dell&#8217;esenzione Irpef per i redditi agricoli, ma con modifiche rispetto alla versione in vigore negli anni scorsi. La misura sar\u00e0 votata nell&#8217;ambito del Dl Milleproroghe e riguarda i redditi agrari e dominicali fino a 10.000 euro. E&#8217; invece prevista la riduzione dell&#8217;Irpef del 50% per i redditi tra i 10.000 e i 15.000 euro.<br \/>&#8220;La scelta di garantire, in un momento di difficolt\u00e0 del mondo agricolo, un ulteriore intervento di sostegno \u00e8 frutto del lavoro del Ministero dell&#8217;Agricoltura e dell&#8217;Economia che hanno elaborato una proposta di intervento fiscale pi\u00f9 equa e che raccoglie le istanze proposte in occasione del tavolo con le organizzazioni agricole che si \u00e8 svolto la settimana scorsa &#8211; afferma il premier Giorgia Meloni -. Un incontro nel quale ho recepito le proposte delle organizzazioni e al quale ho presentato i tanti risultati ottenuti dal nostro Governo in Italia in favore del mondo agricolo. Il nostro impegno adesso sar\u00e0 ancora pi\u00f9 forte in Europa dove chiederemo che l&#8217;agricoltura venga rimessa al centro del dibattito&#8221;.<br \/>&#8220;Il provvedimento sull&#8217;Irpef &#8211; che \u00e8 stato proposto dal Governo su mio preciso indirizzo &#8211; garantisce un intervento progressivo che esenta maggiormente gli agricoltori che si trovano pi\u00f9 in difficolt\u00e0 ed esclude dal beneficio coloro che oggettivamente non ne hanno bisogno, ai quali invece negli anni passati \u00e8 stato concesso, creando una disparit\u00e0 di trattamento rispetto ad altri italiani nelle loro stesse condizioni&#8221;, sottolinea Meloni.<br \/>&#8220;In questi anni, infatti, sono state esentate dall&#8217;Irpef immotivatamente anche persone particolarmente ricche. <br \/>Inoltre, l&#8217;intervento garantisce per due anni un nuovo modello fiscale permettendo agli agricoltori di fare scelte di natura imprenditoriale con una prospettiva pi\u00f9 ampia rispetto alla sola annualit\u00e0 prevista in precedenza &#8211; conclude il premier -. Ringrazio il ministro Giorgetti e il viceministro Leo che hanno individuato le risorse a copertura dell&#8217;intervento, il ministro Lollobrigida che ha elaborato insieme a loro la proposta, e i vicepresidenti del Consiglio Antonio Tajani e Matteo Salvini per il lavoro svolto&#8221;.<div id=\"div-gpt-ad-Messinaoggi.it-DSK-300x250-corpoart\" style=\"text-align:center;margin:0 auto;\"><\/div><\/p>\n<p>&#8211; Foto: Agenzia Fotogramma &#8211;<div id=\"videoincontent\" style=\"clear:both\";><\/div><\/p>\n<p>(ITALPRESS).<\/p><\/div>\n","protected":false},"excerpt":{"rendered":"<p>ROMA (ITALPRESS) &#8211; Intesa nel governo sulla reintroduzione dell&#8217;esenzione Irpef per i redditi agricoli, ma con modifiche rispetto alla versione in vigore negli anni scorsi. La misura sar\u00e0 votata nell&#8217;ambito del Dl Milleproroghe e riguarda i redditi agrari e dominicali fino a 10.000 euro. E&#8217; invece prevista la riduzione dell&#8217;Irpef del 50% per i redditi [&hellip;]<\/p>\n","protected":false},"author":18,"featured_media":187247,"comment_status":"closed","ping_status":"closed","sticky":false,"template":"","format":"standard","meta":{"ub_ctt_via":"","_mi_skip_tracking":false},"categories":[446,6],"tags":[783],"featured_image_src":"https:\/\/www.messinaoggi.it\/website\/wp-content\/uploads\/2024\/02\/20240213_2407.jpg","author_info":{"display_name":"Admin","author_link":"https:\/\/www.messinaoggi.it\/website\/author\/admin\/"},"digistream_id":0,"digistream":false,"_links":{"self":[{"href":"https:\/\/www.messinaoggi.it\/website\/wp-json\/wp\/v2\/posts\/187246"}],"collection":[{"href":"https:\/\/www.messinaoggi.it\/website\/wp-json\/wp\/v2\/posts"}],"about":[{"href":"https:\/\/www.messinaoggi.it\/website\/wp-json\/wp\/v2\/types\/post"}],"author":[{"embeddable":true,"href":"https:\/\/www.messinaoggi.it\/website\/wp-json\/wp\/v2\/users\/18"}],"replies":[{"embeddable":true,"href":"https:\/\/www.messinaoggi.it\/website\/wp-json\/wp\/v2\/comments?post=187246"}],"version-history":[{"count":1,"href":"https:\/\/www.messinaoggi.it\/website\/wp-json\/wp\/v2\/posts\/187246\/revisions"}],"predecessor-version":[{"id":187278,"href":"https:\/\/www.messinaoggi.it\/website\/wp-json\/wp\/v2\/posts\/187246\/revisions\/187278"}],"wp:featuredmedia":[{"embeddable":true,"href":"https:\/\/www.messinaoggi.it\/website\/wp-json\/wp\/v2\/media\/187247"}],"wp:attachment":[{"href":"https:\/\/www.messinaoggi.it\/website\/wp-json\/wp\/v2\/media?parent=187246"}],"wp:term":[{"taxonomy":"category","embeddable":true,"href":"https:\/\/www.messinaoggi.it\/website\/wp-json\/wp\/v2\/categories?post=187246"},{"taxonomy":"post_tag","embeddable":true,"href":"https:\/\/www.messinaoggi.it\/website\/wp-json\/wp\/v2\/tags?post=187246"}],"curies":[{"name":"wp","href":"https:\/\/api.w.org\/{rel}","templated":true}]}}