{"id":18715,"date":"2018-04-28T07:30:04","date_gmt":"2018-04-28T05:30:04","guid":{"rendered":"http:\/\/www.messinaoggi.it\/website\/?p=18715"},"modified":"2018-04-28T07:30:04","modified_gmt":"2018-04-28T05:30:04","slug":"verso-il-voto-nasce-la-lista-taormina-perla-dello-jonio","status":"publish","type":"post","link":"https:\/\/www.messinaoggi.it\/website\/2018\/04\/28\/verso-il-voto-nasce-la-lista-taormina-perla-dello-jonio\/","title":{"rendered":"Verso il voto, nasce la lista &quot;Taormina Perla dello Jonio&quot;"},"content":{"rendered":"<p>Al termine di un percorso fatto di incontri e ragionamenti, centrato sui problemi della citt\u00e0 e quindi sulle soluzioni programmatiche, sugli obiettivi progettuali e sulle scelte da compiere, nelle scorse ore si \u00e8 costituita una aggregazione che intende proporre alla citt\u00e0 un progetto dove esperienza ed innovazione, competenza e cambiamento si fondono per disegnare un futuro per la citt\u00e0 di Taormina.<br \/>\nLa lista, denominata \u201cTaormina Perla dello Jonio\u201d nasce da un preventivo confronto programmatico e progettuale tra diversi soggetti e gruppi politici, partendo dal percorso di critica costruttiva portato avanti in Consiglio comunale da Pinuccio Composto e Nunzio Corvaia, dalle molteplici iniziative legate alla frazione di Trappitello da parte di Enzo Scibilia, dalla concreta azione di risanamento attuata al Consorzio Rete Fognante da Bruno De Vita, dal ruolo di \u201cgaranzia\u201d esercitata in questi anni dal Presidente del Consiglio Comunale Antonio D&#8217;aveni, ma soprattutto dal rinnovato impegno politico dell\u2019ex sindaco Mauro Passalacqua, ma ha gi\u00e0 raccolto l\u2019adesione e la convergenza di altri importanti soggetti politici, la cui ufficializzazione sar\u00e0 comunicata nelle prossime ore.<br \/>\nIl programma di governo, elemento cardine dell\u2019accordo e del progetto di \u201crinnovamento\u201d della citt\u00e0, a cui da tempo lavorano i fondatori dell\u2019aggregazione, verr\u00e0 completato e reso pubblico nei prossimi giorni.<br \/>\nIl programma si fonder\u00e0 su una azione amministrativa innovativa, pragmatica e scandita per \u00a0obiettivi e scadenze temporali e sar\u00e0 incentrato sulla valorizzazione delle risorse e delle vocazioni economiche della citt\u00e0 e quindi lo sviluppo \u201csostenibile\u201d dell\u2019economia turistica sar\u00e0 alla base di ogni futura decisione ed attorno ad esso ruoter\u00e0 ogni azione di governo. Tale impostazione verr\u00e0 coniugata ad una necessaria politica di contenimento dei costi e riequilibrio finanziario, ma anche con una attenta politica a tutela delle qualit\u00e0 della vita ed al potenziamento dei servizi alla persona, nell\u2019ottica di una profonda riorganizzazione dell\u2019apparato burocratico, mirata a responsabilizzare funzionari e dirigenti rispetto ad obiettivi legati all\u2019efficienza ed alla efficacia dell\u2019azione amministrativa.<br \/>\nLa compagine ha gi\u00e0 discusso e maturato tutte le scelte importanti ed ha definito gli elementi progettuali cardine dell\u2019azione di governo, ma ha anche identificato la squadra di governo e quindi nei prossimi giorni comunicher\u00e0 il nominativo del candidato sindaco, scelto tenendo in conto i principi della esperienza, della affidabilit\u00e0 e della credibilit\u00e0.<div id=\"div-gpt-ad-Messinaoggi.it-DSK-300x250-corpoart\" style=\"text-align:center;margin:0 auto;\"><\/div><\/p>\n<div id=\"videoincontent\" style=\"clear:both\";><\/div>","protected":false},"excerpt":{"rendered":"<p>Al termine di un percorso fatto di incontri e ragionamenti, centrato sui problemi della citt\u00e0 e quindi sulle soluzioni programmatiche, sugli obiettivi progettuali e sulle scelte da compiere, nelle scorse ore si \u00e8 costituita una aggregazione che intende proporre alla citt\u00e0 un progetto dove esperienza ed innovazione, competenza e cambiamento si fondono per disegnare un [&hellip;]<\/p>\n","protected":false},"author":4,"featured_media":18716,"comment_status":"closed","ping_status":"open","sticky":false,"template":"","format":"standard","meta":{"ub_ctt_via":"","_mi_skip_tracking":false},"categories":[3],"tags":[],"featured_image_src":"https:\/\/www.messinaoggi.it\/website\/wp-content\/uploads\/2018\/04\/IMG-20180427-WA0020-1.jpg","author_info":{"display_name":"redme","author_link":"https:\/\/www.messinaoggi.it\/website\/author\/redme\/"},"digistream_id":0,"digistream":false,"_links":{"self":[{"href":"https:\/\/www.messinaoggi.it\/website\/wp-json\/wp\/v2\/posts\/18715"}],"collection":[{"href":"https:\/\/www.messinaoggi.it\/website\/wp-json\/wp\/v2\/posts"}],"about":[{"href":"https:\/\/www.messinaoggi.it\/website\/wp-json\/wp\/v2\/types\/post"}],"author":[{"embeddable":true,"href":"https:\/\/www.messinaoggi.it\/website\/wp-json\/wp\/v2\/users\/4"}],"replies":[{"embeddable":true,"href":"https:\/\/www.messinaoggi.it\/website\/wp-json\/wp\/v2\/comments?post=18715"}],"version-history":[{"count":0,"href":"https:\/\/www.messinaoggi.it\/website\/wp-json\/wp\/v2\/posts\/18715\/revisions"}],"wp:featuredmedia":[{"embeddable":true,"href":"https:\/\/www.messinaoggi.it\/website\/wp-json\/wp\/v2\/media\/18716"}],"wp:attachment":[{"href":"https:\/\/www.messinaoggi.it\/website\/wp-json\/wp\/v2\/media?parent=18715"}],"wp:term":[{"taxonomy":"category","embeddable":true,"href":"https:\/\/www.messinaoggi.it\/website\/wp-json\/wp\/v2\/categories?post=18715"},{"taxonomy":"post_tag","embeddable":true,"href":"https:\/\/www.messinaoggi.it\/website\/wp-json\/wp\/v2\/tags?post=18715"}],"curies":[{"name":"wp","href":"https:\/\/api.w.org\/{rel}","templated":true}]}}