{"id":187136,"date":"2024-02-13T09:12:22","date_gmt":"2024-02-13T08:12:22","guid":{"rendered":"http:\/\/www.messinaoggi.it\/website\/?p=187136"},"modified":"2024-02-13T09:12:23","modified_gmt":"2024-02-13T08:12:23","slug":"ponte-in-primavera-inizia-liter-degli-espropri","status":"publish","type":"post","link":"https:\/\/www.messinaoggi.it\/website\/2024\/02\/13\/ponte-in-primavera-inizia-liter-degli-espropri\/","title":{"rendered":"Ponte, in primavera inizia l&#8217;iter degli espropri"},"content":{"rendered":"\n<p>Ancora non c&#8217;\u00e8 una data, ma \u00e8 certo che una volta approvato il progetto definitivo del Ponte sullo Stretto di Messina da parte del Cipe, saranno avviate le procedure degli espropri. Presumibilmente la prossima privare partono le procedure.<div id=\"div-gpt-ad-Messinaoggi.it-DSK-300x250-corpoart\" style=\"text-align:center;margin:0 auto;\"><\/div><\/p>\n\n\n\n<p>Lo ha annunciato il senatore <strong>Nino German\u00e0 <\/strong>nel corso della conferenza stampa della scorsa settimana, alla presenza del sottosegretario e commissario per la Sicilia della Lega, <strong>Claudio Durigon<\/strong>.<div id=\"videoincontent\" style=\"clear:both\";><\/div><\/p>\n\n\n\n<figure class=\"wp-block-image size-large\"><img loading=\"lazy\" width=\"1024\" height=\"594\" src=\"http:\/\/www.messinaoggi.it\/website\/wp-content\/uploads\/2023\/05\/0-1-8-1024x594.jpg\" alt=\"\" class=\"wp-image-156790\" srcset=\"https:\/\/www.messinaoggi.it\/website\/wp-content\/uploads\/2023\/05\/0-1-8-1024x594.jpg 1024w, https:\/\/www.messinaoggi.it\/website\/wp-content\/uploads\/2023\/05\/0-1-8-300x174.jpg 300w, https:\/\/www.messinaoggi.it\/website\/wp-content\/uploads\/2023\/05\/0-1-8-768x445.jpg 768w, https:\/\/www.messinaoggi.it\/website\/wp-content\/uploads\/2023\/05\/0-1-8.jpg 1343w\" sizes=\"(max-width: 1024px) 100vw, 1024px\" \/><figcaption><strong>Le particelle interessate dagli espropri (elaborazione ing. Peppe Palamara)<\/strong><\/figcaption><\/figure>\n\n\n\n<p>Ma non \u00e8 l&#8217;unica novit\u00e0. Infatti, lo stesso <strong>German\u00e0 <\/strong>ha fatto un altro annuncio importante. &#8220;<em>In vista dell&#8217;inizio dei lavori per il Ponte anche Messina si prepara per la formazione del personale specializzato. La nostra citt\u00e0, contrariamente a quanto detto nelle ultime settimane, si far\u00e0 trovare prontissima visto che saranno attivati i corsi necessari per la formazione del personale specializzato<\/em>&#8220;.<\/p>\n\n\n\n<p>In buona sostanza, il senatore <strong>German\u00e0 <\/strong>ha voluto sgombrare il campo da quella leggende metropolitana che vedrebbe impegnato per la costruzione del Ponte sullo Stretto solo personale proveniente da fuori.<\/p>\n\n\n\n<p>In tale senso si stanno attivando le istituzioni datoriali per l&#8217;avvio dei corsi di Formazione professionale allo scopo di formare a Messina personale altamente specializzato e fornire quindi manodopera locale.<\/p>\n","protected":false},"excerpt":{"rendered":"<p>Ancora non c&#8217;\u00e8 una data, ma \u00e8 certo che una volta approvato il progetto definitivo del Ponte sullo Stretto di Messina da parte del Cipe, saranno avviate le procedure degli espropri. Presumibilmente la prossima privare partono le procedure. Lo ha annunciato il senatore Nino German\u00e0 nel corso della conferenza stampa della scorsa settimana, alla presenza [&hellip;]<\/p>\n","protected":false},"author":2,"featured_media":150401,"comment_status":"open","ping_status":"open","sticky":false,"template":"","format":"standard","meta":{"ub_ctt_via":"","_mi_skip_tracking":false},"categories":[19],"tags":[7258,9566,1082,630],"featured_image_src":"https:\/\/www.messinaoggi.it\/website\/wp-content\/uploads\/2023\/04\/340031909_764310035213506_5929049360516240661_n.jpg","author_info":{"display_name":"Redazione","author_link":"https:\/\/www.messinaoggi.it\/website\/author\/redazione\/"},"digistream_id":0,"digistream":false,"_links":{"self":[{"href":"https:\/\/www.messinaoggi.it\/website\/wp-json\/wp\/v2\/posts\/187136"}],"collection":[{"href":"https:\/\/www.messinaoggi.it\/website\/wp-json\/wp\/v2\/posts"}],"about":[{"href":"https:\/\/www.messinaoggi.it\/website\/wp-json\/wp\/v2\/types\/post"}],"author":[{"embeddable":true,"href":"https:\/\/www.messinaoggi.it\/website\/wp-json\/wp\/v2\/users\/2"}],"replies":[{"embeddable":true,"href":"https:\/\/www.messinaoggi.it\/website\/wp-json\/wp\/v2\/comments?post=187136"}],"version-history":[{"count":1,"href":"https:\/\/www.messinaoggi.it\/website\/wp-json\/wp\/v2\/posts\/187136\/revisions"}],"predecessor-version":[{"id":187139,"href":"https:\/\/www.messinaoggi.it\/website\/wp-json\/wp\/v2\/posts\/187136\/revisions\/187139"}],"wp:featuredmedia":[{"embeddable":true,"href":"https:\/\/www.messinaoggi.it\/website\/wp-json\/wp\/v2\/media\/150401"}],"wp:attachment":[{"href":"https:\/\/www.messinaoggi.it\/website\/wp-json\/wp\/v2\/media?parent=187136"}],"wp:term":[{"taxonomy":"category","embeddable":true,"href":"https:\/\/www.messinaoggi.it\/website\/wp-json\/wp\/v2\/categories?post=187136"},{"taxonomy":"post_tag","embeddable":true,"href":"https:\/\/www.messinaoggi.it\/website\/wp-json\/wp\/v2\/tags?post=187136"}],"curies":[{"name":"wp","href":"https:\/\/api.w.org\/{rel}","templated":true}]}}