{"id":187114,"date":"2024-02-12T22:32:41","date_gmt":"2024-02-12T21:32:41","guid":{"rendered":"http:\/\/www.messinaoggi.it\/website\/?p=187114"},"modified":"2024-02-12T22:33:00","modified_gmt":"2024-02-12T21:33:00","slug":"biancuzzo-necessario-un-presidio-stabile-dei-vdf-nella-zona-nord","status":"publish","type":"post","link":"https:\/\/www.messinaoggi.it\/website\/2024\/02\/12\/biancuzzo-necessario-un-presidio-stabile-dei-vdf-nella-zona-nord\/","title":{"rendered":"Biancuzzo: &#8220;Necessario un presidio stabile dei Vdf nella zona nord&#8221;"},"content":{"rendered":"\n<p>&#8220;Un \u200bpresidio stabile dei Vigili del fuoco, al fine di tutelare la popolazione ed i territori delle localit\u00e0 a nord di Messina, garantendo in tempi rapidi tutte quelle procedure di messa in sicurezza in caso di incendi&#8221;: la richiesta arriva da Mario Biancuzzo, responsabile per gli Enti<br>locali della VI Municipalit\u00e0. &#8220;E\u2019 risaputo che l\u2019estensione territoriale della citt\u00e0 rappresenta dei problemi visto che a fronte di tagli risparmi vari, si vanno privando di uomini e mezzi di intere comunit\u00e0 che invece andrebbero meglio tutelate e coperte da servizi pubblici. Risulta impellente provvedere e pianificare la realizzazione di un presidio stabile dei VVFF attrezzato con uomini e mezzi<br>idonei, a garanzia di una fascia di territorio complessa ed articolata, in quanto si sottovaluta la reale estensione territoriale che abbraccia i villaggi rivieraschi e quelli collinari,<br>collegati da poche strade di accesso che risultano in condizioni precarie con manti stradali ammalorati e carenze critiche di pubblica illuminazione e segnaletica. E\u2019 evidente &#8211; precisa Biancuzzo &#8211; che sono sempre pi\u00f9 frequenti gli episodi di incendi, piccoli<br>smottamenti e frane che preoccupano gli abitanti. Fondamentale a tal senso la rapidit\u00e0 di interventi che verrebbe garantita da un presidio fisso nella zona nord. Sarebbe opportuno per la cittadinanza di queste zone conoscere i piani di intervento e di<br>sicurezza, in caso di calamit\u00e0. Ci si chiede quali possano essere le ragioni che fin ora impediscano a questa vasta porzione<br>del territorio cittadino, la messa in sicurezza, cosa ostacola la mancanza dei servizi fondamentali per la comunit\u00e0 intera. A nord di Messina si sopravvive a stento tra mille<br>problematiche dovute all\u2019assenza di servizi di qualsivoglia natura,<br>i disagi per coloro che abitano nei villaggi a nord di Messina sono<br>innumerevoli e crescenti, sicuramente sar\u00e0 il pedaggio stesso<br>imposto da oltre 51 anni impunemente, che taglia in due la citt\u00e0 e<br>riduce di fatto i diritti, di chi per\u00f2 deve pagare tasse e tributi puntualmente. Sar\u00e0 il calo demografico che ha impoverito le forze e la grinta di una consapevolezza assopita che risiede nei concittadini anziani e stanchi di gridare alla luna, mentre la politica enfatizza superficialmente traguardi che nulla hanno a che vedere con l\u2019erogazione regolare di servizi dovuti a tutti. Alla luce<br>del sacrosanto diritto alla cittadinanza e alla sicurezza,<br>rivendicando le motivazioni superiori dettate dalla sicurezza per<br>uomini e cose, senza mai dimenticare il territorio, si reclama la \u200b<br>reale esigenza di gestire il territorio a nord di Messina dalle colline al mare, progettando l\u2019immediata costituzione di uno o pi\u00f9<br>presidi permanente dei Vigili del Fuoco, oltre alla presenza stabile di una sede di protezione civile per una gestone reale e seria del<br>territorio intero della nostra citt\u00e0, oltre al ripristino di tutti quei pubblici servizi, ormai chiusi per ignavia e indifferenza politica.<div id=\"div-gpt-ad-Messinaoggi.it-DSK-300x250-corpoart\" style=\"text-align:center;margin:0 auto;\"><\/div><\/p>\n<div id=\"videoincontent\" style=\"clear:both\";><\/div>","protected":false},"excerpt":{"rendered":"<p>&#8220;Un \u200bpresidio stabile dei Vigili del fuoco, al fine di tutelare la popolazione ed i territori delle localit\u00e0 a nord di Messina, garantendo in tempi rapidi tutte quelle procedure di messa in sicurezza in caso di incendi&#8221;: la richiesta arriva da Mario Biancuzzo, responsabile per gli Entilocali della VI Municipalit\u00e0. &#8220;E\u2019 risaputo che l\u2019estensione territoriale [&hellip;]<\/p>\n","protected":false},"author":4,"featured_media":27352,"comment_status":"open","ping_status":"open","sticky":false,"template":"","format":"standard","meta":{"ub_ctt_via":"","_mi_skip_tracking":false},"categories":[5],"tags":[737,4226,5173],"featured_image_src":"https:\/\/www.messinaoggi.it\/website\/wp-content\/uploads\/2018\/12\/6452E1EE-3488-49DC-AF01-01A741253BD6.jpeg","author_info":{"display_name":"redme","author_link":"https:\/\/www.messinaoggi.it\/website\/author\/redme\/"},"digistream_id":0,"digistream":false,"_links":{"self":[{"href":"https:\/\/www.messinaoggi.it\/website\/wp-json\/wp\/v2\/posts\/187114"}],"collection":[{"href":"https:\/\/www.messinaoggi.it\/website\/wp-json\/wp\/v2\/posts"}],"about":[{"href":"https:\/\/www.messinaoggi.it\/website\/wp-json\/wp\/v2\/types\/post"}],"author":[{"embeddable":true,"href":"https:\/\/www.messinaoggi.it\/website\/wp-json\/wp\/v2\/users\/4"}],"replies":[{"embeddable":true,"href":"https:\/\/www.messinaoggi.it\/website\/wp-json\/wp\/v2\/comments?post=187114"}],"version-history":[{"count":1,"href":"https:\/\/www.messinaoggi.it\/website\/wp-json\/wp\/v2\/posts\/187114\/revisions"}],"predecessor-version":[{"id":187115,"href":"https:\/\/www.messinaoggi.it\/website\/wp-json\/wp\/v2\/posts\/187114\/revisions\/187115"}],"wp:featuredmedia":[{"embeddable":true,"href":"https:\/\/www.messinaoggi.it\/website\/wp-json\/wp\/v2\/media\/27352"}],"wp:attachment":[{"href":"https:\/\/www.messinaoggi.it\/website\/wp-json\/wp\/v2\/media?parent=187114"}],"wp:term":[{"taxonomy":"category","embeddable":true,"href":"https:\/\/www.messinaoggi.it\/website\/wp-json\/wp\/v2\/categories?post=187114"},{"taxonomy":"post_tag","embeddable":true,"href":"https:\/\/www.messinaoggi.it\/website\/wp-json\/wp\/v2\/tags?post=187114"}],"curies":[{"name":"wp","href":"https:\/\/api.w.org\/{rel}","templated":true}]}}