{"id":18710,"date":"2018-04-27T22:37:33","date_gmt":"2018-04-27T20:37:33","guid":{"rendered":"http:\/\/www.messinaoggi.it\/website\/?p=18710"},"modified":"2018-04-27T22:37:33","modified_gmt":"2018-04-27T20:37:33","slug":"laccademia-zanclea-presenta-la-due-giorni-di-arte-e-cultura","status":"publish","type":"post","link":"https:\/\/www.messinaoggi.it\/website\/2018\/04\/27\/laccademia-zanclea-presenta-la-due-giorni-di-arte-e-cultura\/","title":{"rendered":"L&#039;Accademia Zanclea presenta la &quot;Due giorni di Arte e Cultura&quot;"},"content":{"rendered":"<p style=\"text-align: justify;\">Sabato 28 Aprile 2018 alle ore 10.30, l\u2019Accademia Culturale Zanclea di Messina con la compartecipazione dell\u2019amministrazione Messina Citt\u00e0 Metropolitana e il Patrocinio del Comune, terr\u00e0 una conferenza stampa presso la Sala Commissione del Comune di Messina, per illustrare l\u2019evento \u201cDue giorni di Arte e Cultura\u201d.<div id=\"div-gpt-ad-Messinaoggi.it-DSK-300x250-corpoart\" style=\"text-align:center;margin:0 auto;\"><\/div><\/p>\n<p style=\"text-align: justify;\">Il\u00a0<a href=\"https:\/\/www.facebook.com\/messinaoggi\/messages\/?section=messages&amp;subsection=inbox&amp;notif_id=1524861165772439&amp;notif_t=page_message_reminder&amp;ref=notif&amp;threadid=1594518860&amp;timestamp=1524846767768#\">6 Maggio<\/a>, sar\u00e0 presentata la \u201cMostra Antologica\u201d del maestro Biagio Cardia, con la presenza dello Storico e Critico d\u2019Arte Giombattista Corallo di Arcidosso (GR).<div id=\"videoincontent\" style=\"clear:both\";><\/div><\/p>\n<p style=\"text-align: justify;\">Giorno 7\u00a0 in occasione dell\u2019anniversario delle manifestazioni Quasimodiane saranno presenti ospiti che relazioneranno su Salvatore Quasimodo, Giorgio La Pira, Giuseppe Migneco, L\u2019Ospe di Antonio Saitta, la presenza scolastica di S. Quasimodo all\u2019Istituto A. M. Jaci e sulle manifestazioni Quasimodiane del Comitato Cultura di Messina Citt\u00e0 Metropolitana, sar\u00e0 presente il giornalista e storico Geri Villaroel con una relazione storica. Pertanto, \u00e8 gradita la vostra presenza.<\/p>\n","protected":false},"excerpt":{"rendered":"<p>Sabato 28 Aprile 2018 alle ore 10.30, l\u2019Accademia Culturale Zanclea di Messina con la compartecipazione dell\u2019amministrazione Messina Citt\u00e0 Metropolitana e il Patrocinio del Comune, terr\u00e0 una conferenza stampa presso la Sala Commissione del Comune di Messina, per illustrare l\u2019evento \u201cDue giorni di Arte e Cultura\u201d. Il\u00a06 Maggio, sar\u00e0 presentata la \u201cMostra Antologica\u201d del maestro Biagio [&hellip;]<\/p>\n","protected":false},"author":2,"featured_media":18711,"comment_status":"closed","ping_status":"open","sticky":false,"template":"","format":"standard","meta":{"ub_ctt_via":"","_mi_skip_tracking":false},"categories":[16],"tags":[],"featured_image_src":"https:\/\/www.messinaoggi.it\/website\/wp-content\/uploads\/2018\/04\/26733662_10213413897013918_6804106450074930037_n-1-1.jpg","author_info":{"display_name":"Redazione","author_link":"https:\/\/www.messinaoggi.it\/website\/author\/redazione\/"},"digistream_id":0,"digistream":false,"_links":{"self":[{"href":"https:\/\/www.messinaoggi.it\/website\/wp-json\/wp\/v2\/posts\/18710"}],"collection":[{"href":"https:\/\/www.messinaoggi.it\/website\/wp-json\/wp\/v2\/posts"}],"about":[{"href":"https:\/\/www.messinaoggi.it\/website\/wp-json\/wp\/v2\/types\/post"}],"author":[{"embeddable":true,"href":"https:\/\/www.messinaoggi.it\/website\/wp-json\/wp\/v2\/users\/2"}],"replies":[{"embeddable":true,"href":"https:\/\/www.messinaoggi.it\/website\/wp-json\/wp\/v2\/comments?post=18710"}],"version-history":[{"count":0,"href":"https:\/\/www.messinaoggi.it\/website\/wp-json\/wp\/v2\/posts\/18710\/revisions"}],"wp:featuredmedia":[{"embeddable":true,"href":"https:\/\/www.messinaoggi.it\/website\/wp-json\/wp\/v2\/media\/18711"}],"wp:attachment":[{"href":"https:\/\/www.messinaoggi.it\/website\/wp-json\/wp\/v2\/media?parent=18710"}],"wp:term":[{"taxonomy":"category","embeddable":true,"href":"https:\/\/www.messinaoggi.it\/website\/wp-json\/wp\/v2\/categories?post=18710"},{"taxonomy":"post_tag","embeddable":true,"href":"https:\/\/www.messinaoggi.it\/website\/wp-json\/wp\/v2\/tags?post=18710"}],"curies":[{"name":"wp","href":"https:\/\/api.w.org\/{rel}","templated":true}]}}