{"id":18671,"date":"2018-04-27T09:42:59","date_gmt":"2018-04-27T07:42:59","guid":{"rendered":"http:\/\/www.messinaoggi.it\/website\/?p=18671"},"modified":"2018-04-27T09:42:59","modified_gmt":"2018-04-27T07:42:59","slug":"vdf-incendi-estivi-alle-porte-mancano-uomini-mezzi-ed-un-piano-adeguato","status":"publish","type":"post","link":"https:\/\/www.messinaoggi.it\/website\/2018\/04\/27\/vdf-incendi-estivi-alle-porte-mancano-uomini-mezzi-ed-un-piano-adeguato\/","title":{"rendered":"VdF: &quot;Incendi estivi alle porte, mancano uomini, mezzi ed un piano adeguato&quot;"},"content":{"rendered":"<p>Con l&#8217;arrivo della stagione estiva, l&#8217;attenzione si sposta sull&#8217;emergenza incendi. A tal proposito si leva il grido d&#8217;allarme del coordinatore nazionale Fp\/Cgil VdF, Marco Giulianella. &#8220;Com&#8217;\u00e8 noto dal 1\u00b0 gennaio 2017, le competenze in materia di spegnimento attivo degli incendi boschivi esercitate dall\u2019ex Corpo Forestale dello Stato sono state attribuite al Corpo nazionale dei Vigili del Fuoco.<br \/>\nIn esito al decreto legislativo 19 agosto 2016, n. 177, una parte numericamente minoritaria ed insufficiente di personale proveniente dal CFS (circa 390 unit\u00e0) che allora si occupava di\u00a0 AIB \u00e8 stata trasferita, obbligatoriamente, nei Comandi Provinciali dei Vigili del Fuoco. Il risultato di quest&#8217;operazione \u00e8 stato quello di rendere del tutto insufficiente il numero di addetti AIB per poter svolgere in piena autonomia questa funzione che, al contrario, \u00e8 stata attribuita a pieno titolo al Corpo nazionale.<br \/>\nA ci\u00f2 si aggiunge la modalit\u00e0 &#8216;selvaggia&#8217; di assegnazione del personale in questione che, senza alcuna logica operativa, si \u00e8 trovato suddiviso a macchia di leopardo sul territorio nazionale, depotenziando in maniera esponenziale l&#8217;importante opera di salvaguardia e tutela del territorio in ambito di lotta agli incendi di bosco.<br \/>\nCi risulta inoltre che, a tutt&#8217;oggi, al personale transitato dal Cfs non sia stato somministrato alcun percorso formativo adeguato e di standardizzazione al fine di renderlo operativo alle procedure di impiego nel servizio istituzionale dei Vigili del Fuoco. La difficolt\u00e0 di codesta Amministrazione nel saper impiegare questo personale, sia in ambito AIB che in ambito VF, ed il disservizio organico organizzativo e funzionale palesemente evidente nella recente campagna AIB 2017, rischiano di rappresentare, alla vigilia della nuova stagione estiva, una sottovalutazione della problematica legata alle attivit\u00e0 di contrasto agli incendi boschivi.<br \/>\nNella precedente stagione calda, i Comandi provinciali hanno subito la carenza di mezzi, uomini ed attrezzature da utilizzare sugli interventi di soccorso tecnico urgente. Ebbene, temiamo che a causa dell\u2019inadeguatezza dell\u2019organico, la vetust\u00e0 dei mezzi e delle attrezzature e appunto l&#8217;approccio troppo leggero al problema AIB, stando alle procedure finalizzate dall&#8217;allora Cfs, quanto sopra possa verificarsi anche nella stagione AIB 2018, con le conseguenze che tutti possiamo gi\u00e0 immaginare.<br \/>\nIl Decreto del Capo del C.N.VVF. n. 64 del 26\/04\/2017 ha istituito il gruppo di lavoro sulle &#8220;attivit\u00e0 investigativa del C.N.VVF. sugli incendi boschivi e territoriali&#8221;. Da quel gruppo di lavoro ne \u00e8 scaturito un modello operativo che dovrebbe aver tenuto conto del fatto che i Comandi provinciali esercitano, in relazione all\u2019organico del personale e alla dotazione dei mezzi, \u201canche\u201d la funzione principale del soccorso tecnico urgente oltre a quella AIB. II modello operativo previsto in caso di un evento di incendio boschivo infatti \u00e8 risultato il seguente:<br \/>\n1. intervento della squadra VV.F. ordinaria, composta da 5 elementi per le operazioni di<br \/>\nspegnimento;<br \/>\n2. il D.O.S. con autista;<br \/>\n3. la squadra T.A.S., di supporto al D.O.S. o alla squadra di P.G.,<br \/>\n4. la squadra di P.G.<br \/>\nNel caso si operi con il modello operativo de quo, o, comunque, in operativit\u00e0 ordinaria con squadra VVF e D.O.S., ne consegue un assetto operativo del Corpo che determina un impiego di uomini e mezzi su ogni segnalazione di un eventuale incendio boschivo tale da saturarne rapidamente la possibilit\u00e0 di risposta, con l\u2019eventualit\u00e0 di compromettere, nel contempo, l\u2019operativit\u00e0 del soccorso tecnico urgente per carenza di uomini, mezzi e attrezzature.<br \/>\nA fronte delle problematiche elencate &#8211; conclude la nota &#8211; si chiede un urgente incontro per affrontare le tematiche suddette a garanzia dell\u2019operativit\u00e0 complessiva del<br \/>\nCorpo Nazionale Vvf&#8221;.<div id=\"div-gpt-ad-Messinaoggi.it-DSK-300x250-corpoart\" style=\"text-align:center;margin:0 auto;\"><\/div><\/p>\n<div id=\"videoincontent\" style=\"clear:both\";><\/div>","protected":false},"excerpt":{"rendered":"<p>Con l&#8217;arrivo della stagione estiva, l&#8217;attenzione si sposta sull&#8217;emergenza incendi. A tal proposito si leva il grido d&#8217;allarme del coordinatore nazionale Fp\/Cgil VdF, Marco Giulianella. &#8220;Com&#8217;\u00e8 noto dal 1\u00b0 gennaio 2017, le competenze in materia di spegnimento attivo degli incendi boschivi esercitate dall\u2019ex Corpo Forestale dello Stato sono state attribuite al Corpo nazionale dei Vigili [&hellip;]<\/p>\n","protected":false},"author":4,"featured_media":3698,"comment_status":"closed","ping_status":"open","sticky":false,"template":"","format":"standard","meta":{"ub_ctt_via":"","_mi_skip_tracking":false},"categories":[5],"tags":[],"featured_image_src":"https:\/\/www.messinaoggi.it\/website\/wp-content\/uploads\/2017\/06\/Vigili-del-fuoco-2.jpg","author_info":{"display_name":"redme","author_link":"https:\/\/www.messinaoggi.it\/website\/author\/redme\/"},"digistream_id":0,"digistream":false,"_links":{"self":[{"href":"https:\/\/www.messinaoggi.it\/website\/wp-json\/wp\/v2\/posts\/18671"}],"collection":[{"href":"https:\/\/www.messinaoggi.it\/website\/wp-json\/wp\/v2\/posts"}],"about":[{"href":"https:\/\/www.messinaoggi.it\/website\/wp-json\/wp\/v2\/types\/post"}],"author":[{"embeddable":true,"href":"https:\/\/www.messinaoggi.it\/website\/wp-json\/wp\/v2\/users\/4"}],"replies":[{"embeddable":true,"href":"https:\/\/www.messinaoggi.it\/website\/wp-json\/wp\/v2\/comments?post=18671"}],"version-history":[{"count":0,"href":"https:\/\/www.messinaoggi.it\/website\/wp-json\/wp\/v2\/posts\/18671\/revisions"}],"wp:featuredmedia":[{"embeddable":true,"href":"https:\/\/www.messinaoggi.it\/website\/wp-json\/wp\/v2\/media\/3698"}],"wp:attachment":[{"href":"https:\/\/www.messinaoggi.it\/website\/wp-json\/wp\/v2\/media?parent=18671"}],"wp:term":[{"taxonomy":"category","embeddable":true,"href":"https:\/\/www.messinaoggi.it\/website\/wp-json\/wp\/v2\/categories?post=18671"},{"taxonomy":"post_tag","embeddable":true,"href":"https:\/\/www.messinaoggi.it\/website\/wp-json\/wp\/v2\/tags?post=18671"}],"curies":[{"name":"wp","href":"https:\/\/api.w.org\/{rel}","templated":true}]}}