{"id":18667,"date":"2018-04-27T08:18:28","date_gmt":"2018-04-27T06:18:28","guid":{"rendered":"http:\/\/www.messinaoggi.it\/website\/?p=18667"},"modified":"2018-04-27T08:18:28","modified_gmt":"2018-04-27T06:18:28","slug":"voleva-scendere-fuori-fermata-autista-atm-aggredito","status":"publish","type":"post","link":"https:\/\/www.messinaoggi.it\/website\/2018\/04\/27\/voleva-scendere-fuori-fermata-autista-atm-aggredito\/","title":{"rendered":"Voleva scendere fuori fermata, autista Atm aggredito"},"content":{"rendered":"<p>L\u2019autista non lo fa scendere prima della fermata, l\u2019uomo lo insulta, gli sputa e poi lo minaccia addirittura un coltello. \u00c8 \u00a0accaduto su un autobus dell&#8217;Atm, il 47, nei pressi dell\u2019Annunziata. L\u2019autista ha sporto denuncia.<div id=\"div-gpt-ad-Messinaoggi.it-DSK-300x250-corpoart\" style=\"text-align:center;margin:0 auto;\"><\/div><\/p>\n<div>A segnalare la vicenda \u00e8 la Uiltrasporti, sindacato al quale l\u2019autista \u00e8 iscritto. &#8220;Siamo giunti al limite e lavorare in questa citt\u00e0 \u00e8 un rischio quotidiano \u2013 rivela Paolo Frigione, segretario aziendale della Uiltrasporti \u2013 e chi guida un bus non pu\u00f2 permettersi di operare in preda alla paura.<\/div>\n<div>Sono innumerevoli i casi di aggressione spesso \u00a0anche verbale e non fisica \u2013 continua Frigione \u2013 a danno di lavoratori e lavoratrici di cui non si fa neppure denuncia per continuare a garantire il servizio ma cos\u00ec non pu\u00f2 continuare.<\/div>\n<div><\/div>\n<div>Il collega, autista giovane ma gi\u00e0 esperto, iscritto alla Uiltrasporti, ha evitato il peggio e garantito nonostante tutto il servizio, ma quanto accaduto \u00e8 di assoluta gravit\u00e0 e purtroppo conferma i continui allarmi lanciati dalla Uiltrasporti in questi anni sul problema delle aggressioni ai lavoratori Atm. Ci chiediamo cosa abbiano prodotto e perch\u00e9 siano rimaste inascoltate le proposte delle organizzazioni sindacali in questi anni in materia di sicurezza.<\/div>\n<div><\/div>\n<div>Pertanto ribadiamo la necessit\u00e0 che la Dirigenza aziendale e l\u2019amministrazione comunale pongano in essere concreti interventi per monitorare tutte le tratte specialmente quelle che tutti conoscono come essere le linee pi\u00f9 a rischio e come pi\u00f9 volte il sindacato ha richiesto garantire con tutti i mezzi la massima sicurezza ai propri dipendenti\u201d.<\/div>\n<div id=\"videoincontent\" style=\"clear:both\";><\/div>","protected":false},"excerpt":{"rendered":"<p>L\u2019autista non lo fa scendere prima della fermata, l\u2019uomo lo insulta, gli sputa e poi lo minaccia addirittura un coltello. \u00c8 \u00a0accaduto su un autobus dell&#8217;Atm, il 47, nei pressi dell\u2019Annunziata. L\u2019autista ha sporto denuncia. A segnalare la vicenda \u00e8 la Uiltrasporti, sindacato al quale l\u2019autista \u00e8 iscritto. &#8220;Siamo giunti al limite e lavorare in [&hellip;]<\/p>\n","protected":false},"author":4,"featured_media":18690,"comment_status":"closed","ping_status":"open","sticky":false,"template":"","format":"standard","meta":{"ub_ctt_via":"","_mi_skip_tracking":false},"categories":[6],"tags":[],"featured_image_src":"https:\/\/www.messinaoggi.it\/website\/wp-content\/uploads\/2018\/04\/autobus-atm-rotatoria-annunziata-1.jpg","author_info":{"display_name":"redme","author_link":"https:\/\/www.messinaoggi.it\/website\/author\/redme\/"},"digistream_id":0,"digistream":false,"_links":{"self":[{"href":"https:\/\/www.messinaoggi.it\/website\/wp-json\/wp\/v2\/posts\/18667"}],"collection":[{"href":"https:\/\/www.messinaoggi.it\/website\/wp-json\/wp\/v2\/posts"}],"about":[{"href":"https:\/\/www.messinaoggi.it\/website\/wp-json\/wp\/v2\/types\/post"}],"author":[{"embeddable":true,"href":"https:\/\/www.messinaoggi.it\/website\/wp-json\/wp\/v2\/users\/4"}],"replies":[{"embeddable":true,"href":"https:\/\/www.messinaoggi.it\/website\/wp-json\/wp\/v2\/comments?post=18667"}],"version-history":[{"count":0,"href":"https:\/\/www.messinaoggi.it\/website\/wp-json\/wp\/v2\/posts\/18667\/revisions"}],"wp:featuredmedia":[{"embeddable":true,"href":"https:\/\/www.messinaoggi.it\/website\/wp-json\/wp\/v2\/media\/18690"}],"wp:attachment":[{"href":"https:\/\/www.messinaoggi.it\/website\/wp-json\/wp\/v2\/media?parent=18667"}],"wp:term":[{"taxonomy":"category","embeddable":true,"href":"https:\/\/www.messinaoggi.it\/website\/wp-json\/wp\/v2\/categories?post=18667"},{"taxonomy":"post_tag","embeddable":true,"href":"https:\/\/www.messinaoggi.it\/website\/wp-json\/wp\/v2\/tags?post=18667"}],"curies":[{"name":"wp","href":"https:\/\/api.w.org\/{rel}","templated":true}]}}