{"id":18665,"date":"2018-04-27T08:00:51","date_gmt":"2018-04-27T06:00:51","guid":{"rendered":"http:\/\/www.messinaoggi.it\/website\/?p=18665"},"modified":"2018-04-27T08:00:51","modified_gmt":"2018-04-27T06:00:51","slug":"metti-in-campo-la-tua-idea-oggi-presentazione-scuola-imprenditoriale","status":"publish","type":"post","link":"https:\/\/www.messinaoggi.it\/website\/2018\/04\/27\/metti-in-campo-la-tua-idea-oggi-presentazione-scuola-imprenditoriale\/","title":{"rendered":"Metti in campo la tua idea: oggi presentazione scuola imprenditoriale"},"content":{"rendered":"<p lang=\"it-IT\"><span style=\"font-family: Arial, sans-serif\">Formare giovani aspiranti imprenditori che intendono acquisire le necessarie competenze nel mondo aziendale. \u00c8 questo l&#8217;obiettivo postosi dalla scuola permanente di formazione imprenditoriale, giunta quest&#8217;anno alla terza edizione. In particolare, nella giornata di oggi, venerd\u00ec 27 aprile alle ore 09,45, <span style=\"font-family: Arial, sans-serif\">l&#8217;Unione Cristiana Imprenditori e Dirigenti di Messina presenter\u00e0 la scuola imprenditoriale in questione\u00a0<\/span>presso l&#8217;Ufficio problemi sociali e lavoro della Curia Arcivescovile di Messina sita in Via I\u00b0 settembre 117.<\/span><div id=\"div-gpt-ad-Messinaoggi.it-DSK-300x250-corpoart\" style=\"text-align:center;margin:0 auto;\"><\/div><\/p>\n<p lang=\"it-IT\"><span style=\"font-family: Arial, sans-serif\">Con la competenza di docenti ed esperti le idee imprenditoriali verranno analizzate, studiate e rese attuabili. Sono previsti quattro incontri che si terranno presso la Facolt\u00e0 di Economia dell&#8217;Universit\u00e0 degli Studi di Messina e tre laboratori con focus group per analizzare e sviluppare ulteriori competenze nella creazione d&#8217;impresa. La presenza di imprenditori messinesi offrir\u00e0 ai partecipanti la possibilit\u00e0 di conoscere come un&#8217;idea imprenditoriale si \u00e8 sviluppata e resa attuabile. Le migliori idee verranno premiate con i proventi delle iscrizioni; inoltre due giovani potranno partecipare ad una summer school organizzata da UNIAPAC. A tutti i partecipanti verranno garantiti inoltre una serie di servizi gratuiti per la nascita dell&#8217;impresa. <\/span><div id=\"videoincontent\" style=\"clear:both\";><\/div><\/p>\n<p lang=\"it-IT\"><span style=\"font-family: Arial, sans-serif\"><strong>La scheda d&#8217;iscrizione<\/strong> \u00e8 scaricabile al seguente indirizzo: <span style=\"text-decoration: underline\"><a href=\"http:\/\/www.ucidmessina.it\/wpcontent\/uploads\/2018\/04\/ucid_messina_adesione_corso.pdf\">http:\/\/www.ucidmessina.it\/wpcontent\/uploads\/2018\/04\/ucid_messina_adesione_corso.pdf<\/a><br \/>\n<\/span>e inviata alla mail\u00a0<a href=\"mailto:sez.messina@ucid.it\">sez.messina@ucid.it<\/a>, Facebook ucidmessina <\/span><\/p>\n","protected":false},"excerpt":{"rendered":"<p>Formare giovani aspiranti imprenditori che intendono acquisire le necessarie competenze nel mondo aziendale. \u00c8 questo l&#8217;obiettivo postosi dalla scuola permanente di formazione imprenditoriale, giunta quest&#8217;anno alla terza edizione. In particolare, nella giornata di oggi, venerd\u00ec 27 aprile alle ore 09,45, l&#8217;Unione Cristiana Imprenditori e Dirigenti di Messina presenter\u00e0 la scuola imprenditoriale in questione\u00a0presso l&#8217;Ufficio problemi [&hellip;]<\/p>\n","protected":false},"author":8,"featured_media":15532,"comment_status":"closed","ping_status":"open","sticky":false,"template":"","format":"standard","meta":{"ub_ctt_via":"","_mi_skip_tracking":false},"categories":[5],"tags":[],"featured_image_src":"https:\/\/www.messinaoggi.it\/website\/wp-content\/uploads\/2018\/02\/imprenditore-1.jpg","author_info":{"display_name":"red..me","author_link":"https:\/\/www.messinaoggi.it\/website\/author\/redstage\/"},"digistream_id":0,"digistream":false,"_links":{"self":[{"href":"https:\/\/www.messinaoggi.it\/website\/wp-json\/wp\/v2\/posts\/18665"}],"collection":[{"href":"https:\/\/www.messinaoggi.it\/website\/wp-json\/wp\/v2\/posts"}],"about":[{"href":"https:\/\/www.messinaoggi.it\/website\/wp-json\/wp\/v2\/types\/post"}],"author":[{"embeddable":true,"href":"https:\/\/www.messinaoggi.it\/website\/wp-json\/wp\/v2\/users\/8"}],"replies":[{"embeddable":true,"href":"https:\/\/www.messinaoggi.it\/website\/wp-json\/wp\/v2\/comments?post=18665"}],"version-history":[{"count":0,"href":"https:\/\/www.messinaoggi.it\/website\/wp-json\/wp\/v2\/posts\/18665\/revisions"}],"wp:featuredmedia":[{"embeddable":true,"href":"https:\/\/www.messinaoggi.it\/website\/wp-json\/wp\/v2\/media\/15532"}],"wp:attachment":[{"href":"https:\/\/www.messinaoggi.it\/website\/wp-json\/wp\/v2\/media?parent=18665"}],"wp:term":[{"taxonomy":"category","embeddable":true,"href":"https:\/\/www.messinaoggi.it\/website\/wp-json\/wp\/v2\/categories?post=18665"},{"taxonomy":"post_tag","embeddable":true,"href":"https:\/\/www.messinaoggi.it\/website\/wp-json\/wp\/v2\/tags?post=18665"}],"curies":[{"name":"wp","href":"https:\/\/api.w.org\/{rel}","templated":true}]}}