{"id":186629,"date":"2024-02-08T16:55:30","date_gmt":"2024-02-08T15:55:30","guid":{"rendered":"http:\/\/www.messinaoggi.it\/website\/?p=186629"},"modified":"2024-02-08T16:55:30","modified_gmt":"2024-02-08T15:55:30","slug":"trattore-selvaggio-de-luca-meno-europa-e-piu-equita","status":"publish","type":"post","link":"https:\/\/www.messinaoggi.it\/website\/2024\/02\/08\/trattore-selvaggio-de-luca-meno-europa-e-piu-equita\/","title":{"rendered":"Trattore selvaggio. De Luca: &#8220;Meno Europa e pi\u00f9 equit\u00e0&#8221;"},"content":{"rendered":"\n<p>&#8220;Confermiamo la manifestazione di San Valentino con i trattori al fianco di allevatori e agricoltori a Palermo, in piazza Indipendenza: non usa mezze parole Cateno De Luca, leader di Sud chiama Nord. &#8220;Il governo Meloni e il presidente Schifani hanno voltato le spalle a un comparto fondamentale per il nostro Paese. La manifestazione ci sar\u00e0 e noi ci saremo, basta prendere in giro gli italiani. La protesta va allargata a tutte quelle categorie ignorate dal governo: dai balneari agli ambulanti. Ma chiediamo anche ai sindaci di scendere in piazza, agli imprenditori, agli autonomi e alle partite iva. L\u2019ultima legge di bilancio del governo Meloni \u00e8 stata un massacro. Aumenti e tagli senza alcuna logica. Ribadiamo con forza: serve meno Europa e pi\u00f9 equit\u00e0. Non ci servono mancette alla vigilia delle Europee, ci serve un governo nazionale all\u2019altezza, mentre in Sicilia abbiamo un governo ormai in piena crisi e di fatto commissariato dai partiti di maggioranza in lite perenne\u201d, conclude Cateno De Luca.<div id=\"div-gpt-ad-Messinaoggi.it-DSK-300x250-corpoart\" style=\"text-align:center;margin:0 auto;\"><\/div><\/p>\n<div id=\"videoincontent\" style=\"clear:both\";><\/div>","protected":false},"excerpt":{"rendered":"<p>&#8220;Confermiamo la manifestazione di San Valentino con i trattori al fianco di allevatori e agricoltori a Palermo, in piazza Indipendenza: non usa mezze parole Cateno De Luca, leader di Sud chiama Nord. &#8220;Il governo Meloni e il presidente Schifani hanno voltato le spalle a un comparto fondamentale per il nostro Paese. La manifestazione ci sar\u00e0 [&hellip;]<\/p>\n","protected":false},"author":4,"featured_media":186630,"comment_status":"open","ping_status":"open","sticky":false,"template":"","format":"standard","meta":{"ub_ctt_via":"","_mi_skip_tracking":false},"categories":[19],"tags":[9542,9543,9541],"featured_image_src":"https:\/\/www.messinaoggi.it\/website\/wp-content\/uploads\/2024\/02\/Screenshot_20240208_164906_Gallery.jpg","author_info":{"display_name":"redme","author_link":"https:\/\/www.messinaoggi.it\/website\/author\/redme\/"},"digistream_id":0,"digistream":false,"_links":{"self":[{"href":"https:\/\/www.messinaoggi.it\/website\/wp-json\/wp\/v2\/posts\/186629"}],"collection":[{"href":"https:\/\/www.messinaoggi.it\/website\/wp-json\/wp\/v2\/posts"}],"about":[{"href":"https:\/\/www.messinaoggi.it\/website\/wp-json\/wp\/v2\/types\/post"}],"author":[{"embeddable":true,"href":"https:\/\/www.messinaoggi.it\/website\/wp-json\/wp\/v2\/users\/4"}],"replies":[{"embeddable":true,"href":"https:\/\/www.messinaoggi.it\/website\/wp-json\/wp\/v2\/comments?post=186629"}],"version-history":[{"count":1,"href":"https:\/\/www.messinaoggi.it\/website\/wp-json\/wp\/v2\/posts\/186629\/revisions"}],"predecessor-version":[{"id":186631,"href":"https:\/\/www.messinaoggi.it\/website\/wp-json\/wp\/v2\/posts\/186629\/revisions\/186631"}],"wp:featuredmedia":[{"embeddable":true,"href":"https:\/\/www.messinaoggi.it\/website\/wp-json\/wp\/v2\/media\/186630"}],"wp:attachment":[{"href":"https:\/\/www.messinaoggi.it\/website\/wp-json\/wp\/v2\/media?parent=186629"}],"wp:term":[{"taxonomy":"category","embeddable":true,"href":"https:\/\/www.messinaoggi.it\/website\/wp-json\/wp\/v2\/categories?post=186629"},{"taxonomy":"post_tag","embeddable":true,"href":"https:\/\/www.messinaoggi.it\/website\/wp-json\/wp\/v2\/tags?post=186629"}],"curies":[{"name":"wp","href":"https:\/\/api.w.org\/{rel}","templated":true}]}}