{"id":18648,"date":"2018-04-26T15:43:39","date_gmt":"2018-04-26T13:43:39","guid":{"rendered":"http:\/\/www.messinaoggi.it\/website\/?p=18648"},"modified":"2018-04-26T15:43:39","modified_gmt":"2018-04-26T13:43:39","slug":"verso-il-voto-bramanti-lancia-pedaliamo-messina-ospite-donore-vincenzo-nibali","status":"publish","type":"post","link":"https:\/\/www.messinaoggi.it\/website\/2018\/04\/26\/verso-il-voto-bramanti-lancia-pedaliamo-messina-ospite-donore-vincenzo-nibali\/","title":{"rendered":"Verso il voto, Bramanti lancia PedaliAmo Messina: &quot;Ospite d&#039;onore Vincenzo Nibali&quot;"},"content":{"rendered":"<p style=\"text-align: justify\">L\u2019appuntamento sar\u00e0 a piazza Duomo alle 9,30 (sar\u00e0 possibile iscriversi dalle 9), dove sar\u00e0 installato un maxischermo, poi via di corsa in bici fino nell\u2019area di San Raineri e Marisicilia, per poi rientrare sempre a Piazza Duomo. A guidare il corteo dei mezzi a due ruote ci sar\u00e0 il simbolo del ciclismo italiano: Vincenzo Nibali. Ecco PedaliAmo Messina, simbolica passeggiata in bicicletta, promossa dal candidato sindaco del Centrodestra Dino Bramanti, per recuperare il rapporto con il mare. Una pedalata per riflettere sulla riqualificazione delle zone di Maregrosso e San Raineri, ma anche sul tema della sicurezza stradale. Un evento a cui potrebbe partecipare anche il Presidente della Regione, Nello Musumeci, la cui presenza \u00e8 per\u00f2 legata agli impegni sulla finanziaria.<div id=\"div-gpt-ad-Messinaoggi.it-DSK-300x250-corpoart\" style=\"text-align:center;margin:0 auto;\"><\/div><\/p>\n<p style=\"text-align: justify\">La manifestazione inizier\u00e0 con un ricordo del giovane Rosario Costa, a quasi due anni dal tragico incidente avvenuto durante un allenamento su strada nel quartiere di Sant\u2019Agata.\u00a0 Bramanti sulla manifestazione ha aggiunto: \u201c<em>Il ciclismo \u00e8 una metafora della vita, abitua i ragazzi a lottare giornalmente. Il nostro valore aggiunto \u00e8 il ricordo e la costante presenza di Rosario Costa. Colgo l\u2019occasione per parlare della questione della sicurezza che non \u00e8 un concetto astratto, ma \u00e8 giocodi incastri fra segnali stradali, fra l\u2019educazione degli automobilisti e degli stessi ciclisti. Tanti sono gli elementi da mettere insieme e c\u2019\u00e8 quasi bisogno di una rivoluzione per permettere alla nostra citt\u00e0 di decollare\u201d.<\/em><div id=\"videoincontent\" style=\"clear:both\";><\/div><\/p>\n<p style=\"text-align: justify\"><img loading=\"lazy\" class=\"alignnone size-medium wp-image-18650\" src=\"http:\/\/www.messinaoggi.it\/website\/wp-content\/uploads\/2018\/04\/bramanti-1-300x225.jpg\" alt=\"\" width=\"300\" height=\"225\" \/><\/p>\n<p style=\"text-align: justify\">A proposito di biciclette, le piste ciclabili di via Garibaldi e di via Cesare Battisti sono due opere di chiara matrice accorintiana. Sotto questo punto di vista, Bramanti annuncia: <em>\u201cIo non giudico negativamente opere fatte da chi ha amministrato finora \u2013 ha dichiarato \u2013 anzi se altri progetti saranno compatibili con la nostra visione di rafforzare le strutture sportive cittadine le porteremo a termine, sulle piste ciclabili per\u00f2 occorrer\u00e0 focalizzarsi sulla sicurezza. Magari l\u2019allargamento delle stesse potrebbe essere una soluzione\u201d<\/em>. Durante la conferenza stampa hanno anche preso la parola\u00a0 Lillo LaRosa, Team manager del Team Nibali e Francesco Giorgio, fiduciario locale Coni Messina. Lillo La Rosa ha sottolineato: \u201c<em>Forse dopo il terremoto del 1908 abbiamo perso la nostra identit\u00e0 e non penso ci si possa definire messinesi solo dopo una bella vittoriadella squadra di calcio o di Nibali. La messinesit\u00e0 va coltivata giorno per giorno, nelle scuole, in famiglia e nei luoghi diaggregazione sociale. Il nostro compito \u00e8 quello di formare, tramitelo sport, una identit\u00e0 ai giovani, che un giorno saranno domani bravi uomini, bravi lavoratori e onesti cittadini domani. Noi che lavoriamo con i ragazzi, le famiglie e la politica, perch\u00e9 la politica \u00e8 una cosa di tutti\u201d<\/em>.<\/p>\n<p style=\"text-align: justify\">Infine, Francesco Giorgio, dichiara: \u201c<em>Il Coni non poteva che essere presente a questo evento. La partecipazione di Vincenzo Nibali ci aiuter\u00e0 ad accendere i riflettori su quello che lo sport deve e pu\u00f2 rappresentare per questa citt\u00e0, perch\u00e9 \u00e8 uno strumento attraverso il quale i cittadini, sia i normodotati che i disabili, trovano unadimensione di felicit\u00e0, di salute e normalit\u00e0. Senza questo aspetto losport si svuota, si snatura. Anche per quanto gli impianti dellanostra citt\u00e0 abbiamo la necessit\u00e0 di dialogare con le istituzioniNelle nostre strade si pu\u00f2 fare sport e faremo di tutto per garantirela sicurezza di chi vuole praticare lo sport e il ciclismo in particolare\u201d.<\/em><\/p>\n","protected":false},"excerpt":{"rendered":"<p>L\u2019appuntamento sar\u00e0 a piazza Duomo alle 9,30 (sar\u00e0 possibile iscriversi dalle 9), dove sar\u00e0 installato un maxischermo, poi via di corsa in bici fino nell\u2019area di San Raineri e Marisicilia, per poi rientrare sempre a Piazza Duomo. A guidare il corteo dei mezzi a due ruote ci sar\u00e0 il simbolo del ciclismo italiano: Vincenzo Nibali. [&hellip;]<\/p>\n","protected":false},"author":14,"featured_media":18649,"comment_status":"closed","ping_status":"open","sticky":false,"template":"","format":"standard","meta":{"ub_ctt_via":"","_mi_skip_tracking":false},"categories":[6],"tags":[],"featured_image_src":"https:\/\/www.messinaoggi.it\/website\/wp-content\/uploads\/2018\/04\/bramanti-2.jpg","author_info":{"display_name":"Antonio Macauda","author_link":"https:\/\/www.messinaoggi.it\/website\/author\/a-macauda\/"},"digistream_id":0,"digistream":false,"_links":{"self":[{"href":"https:\/\/www.messinaoggi.it\/website\/wp-json\/wp\/v2\/posts\/18648"}],"collection":[{"href":"https:\/\/www.messinaoggi.it\/website\/wp-json\/wp\/v2\/posts"}],"about":[{"href":"https:\/\/www.messinaoggi.it\/website\/wp-json\/wp\/v2\/types\/post"}],"author":[{"embeddable":true,"href":"https:\/\/www.messinaoggi.it\/website\/wp-json\/wp\/v2\/users\/14"}],"replies":[{"embeddable":true,"href":"https:\/\/www.messinaoggi.it\/website\/wp-json\/wp\/v2\/comments?post=18648"}],"version-history":[{"count":0,"href":"https:\/\/www.messinaoggi.it\/website\/wp-json\/wp\/v2\/posts\/18648\/revisions"}],"wp:featuredmedia":[{"embeddable":true,"href":"https:\/\/www.messinaoggi.it\/website\/wp-json\/wp\/v2\/media\/18649"}],"wp:attachment":[{"href":"https:\/\/www.messinaoggi.it\/website\/wp-json\/wp\/v2\/media?parent=18648"}],"wp:term":[{"taxonomy":"category","embeddable":true,"href":"https:\/\/www.messinaoggi.it\/website\/wp-json\/wp\/v2\/categories?post=18648"},{"taxonomy":"post_tag","embeddable":true,"href":"https:\/\/www.messinaoggi.it\/website\/wp-json\/wp\/v2\/tags?post=18648"}],"curies":[{"name":"wp","href":"https:\/\/api.w.org\/{rel}","templated":true}]}}