{"id":18640,"date":"2018-04-26T14:51:58","date_gmt":"2018-04-26T12:51:58","guid":{"rendered":"http:\/\/www.messinaoggi.it\/website\/?p=18640"},"modified":"2018-04-26T14:51:58","modified_gmt":"2018-04-26T12:51:58","slug":"schiacciato-dal-trattore-muore-venditore-ambulante","status":"publish","type":"post","link":"https:\/\/www.messinaoggi.it\/website\/2018\/04\/26\/schiacciato-dal-trattore-muore-venditore-ambulante\/","title":{"rendered":"Schiacciato dal trattore, muore venditore ambulante"},"content":{"rendered":"<p style=\"text-align: justify;\">Giuseppe Belbruno, 50 anni, venditore ambulante di frutta e verdura, \u00e8 morto schiacciato a bordo del suo trattore finito in una scarpata dopo aver perso il controllo del mezzo a causa di un malore. La disgrazia \u00e8 accaduta nel comune di Pettineo, dove la vittima si trovava per motivi di lavoro.<div id=\"div-gpt-ad-Messinaoggi.it-DSK-300x250-corpoart\" style=\"text-align:center;margin:0 auto;\"><\/div><\/p>\n<p style=\"text-align: justify;\">Il trattore si \u00e8 ribaltato, precipitando in una scarpata e il conducente del mezzo \u00e8 morto schiacciato sotto il peso del mezzo agricolo. Nonostante i tempestivi soccorsi per l&#8217;uomo non c&#8217;\u00e8 stato nulla da fare.<div id=\"videoincontent\" style=\"clear:both\";><\/div><\/p>\n<p style=\"text-align: justify;\">Sul posto sono intervenuti i carabinieri, i quali hanno avviato le indagini di rito. Il magistrato di turno ha disposto la rimozione della salma.<\/p>\n","protected":false},"excerpt":{"rendered":"<p>Giuseppe Belbruno, 50 anni, venditore ambulante di frutta e verdura, \u00e8 morto schiacciato a bordo del suo trattore finito in una scarpata dopo aver perso il controllo del mezzo a causa di un malore. La disgrazia \u00e8 accaduta nel comune di Pettineo, dove la vittima si trovava per motivi di lavoro. Il trattore si \u00e8 [&hellip;]<\/p>\n","protected":false},"author":2,"featured_media":1992,"comment_status":"closed","ping_status":"open","sticky":false,"template":"","format":"standard","meta":{"ub_ctt_via":"","_mi_skip_tracking":false},"categories":[5],"tags":[],"featured_image_src":"https:\/\/www.messinaoggi.it\/website\/wp-content\/uploads\/2017\/06\/ambulanza-118-1-2.jpg","author_info":{"display_name":"Redazione","author_link":"https:\/\/www.messinaoggi.it\/website\/author\/redazione\/"},"digistream_id":0,"digistream":false,"_links":{"self":[{"href":"https:\/\/www.messinaoggi.it\/website\/wp-json\/wp\/v2\/posts\/18640"}],"collection":[{"href":"https:\/\/www.messinaoggi.it\/website\/wp-json\/wp\/v2\/posts"}],"about":[{"href":"https:\/\/www.messinaoggi.it\/website\/wp-json\/wp\/v2\/types\/post"}],"author":[{"embeddable":true,"href":"https:\/\/www.messinaoggi.it\/website\/wp-json\/wp\/v2\/users\/2"}],"replies":[{"embeddable":true,"href":"https:\/\/www.messinaoggi.it\/website\/wp-json\/wp\/v2\/comments?post=18640"}],"version-history":[{"count":0,"href":"https:\/\/www.messinaoggi.it\/website\/wp-json\/wp\/v2\/posts\/18640\/revisions"}],"wp:featuredmedia":[{"embeddable":true,"href":"https:\/\/www.messinaoggi.it\/website\/wp-json\/wp\/v2\/media\/1992"}],"wp:attachment":[{"href":"https:\/\/www.messinaoggi.it\/website\/wp-json\/wp\/v2\/media?parent=18640"}],"wp:term":[{"taxonomy":"category","embeddable":true,"href":"https:\/\/www.messinaoggi.it\/website\/wp-json\/wp\/v2\/categories?post=18640"},{"taxonomy":"post_tag","embeddable":true,"href":"https:\/\/www.messinaoggi.it\/website\/wp-json\/wp\/v2\/tags?post=18640"}],"curies":[{"name":"wp","href":"https:\/\/api.w.org\/{rel}","templated":true}]}}