{"id":186347,"date":"2024-02-06T21:18:58","date_gmt":"2024-02-06T20:18:58","guid":{"rendered":"http:\/\/www.messinaoggi.it\/website\/?p=186347"},"modified":"2024-02-06T21:19:34","modified_gmt":"2024-02-06T20:19:34","slug":"vdf-quando-un-distaccamento-nella-zona-sud","status":"publish","type":"post","link":"https:\/\/www.messinaoggi.it\/website\/2024\/02\/06\/vdf-quando-un-distaccamento-nella-zona-sud\/","title":{"rendered":"VdF, quando un distaccamento nella zona Sud?"},"content":{"rendered":"\n<p>Un anno fa la richiesta all&#8217;Amministrazione Basile di farsi portavoce con il ministero dell&#8217;Interno per l&#8217;attivazione di un distaccamento dei Vigili del fuoco nella zona Sud. Dopo 12 mesi, l&#8217;esecutivo non ha ancora dato seguito all&#8217;ordine del giorno presentato dal capogruppo di Prima l&#8217;Italia Giuseppe Villari con il collega Raffaele Rinaldo.<div id=\"div-gpt-ad-Messinaoggi.it-DSK-300x250-corpoart\" style=\"text-align:center;margin:0 auto;\"><\/div><\/p>\n\n\n\n<p>Nel corso del Consiglio comunale, Villari ha acceso di nuovo i riflettori su questo punto. \u201cL&#8217;ordine del giorno del marzo scorso -spiega il capogruppo di Prima l&#8217;Italia &#8211; \u00e8 stato votato all&#8217;unanimit\u00e0 da tutti i consiglieri presenti in Aula. Ci\u00f2 nonostante, l&#8217;Amministrazione non ha mai dato seguito a quanto richiesto. Abbiamo sollecitato l&#8217;attivazione di un distaccamento nella zona Sud in ulteriori sedute di Commissione e in una riunione dei capigruppo, ma la Giunta Basile \u00e8 sorda a una richiesta cos\u00ec importante per la sicurezza di decine di migliaia di messinesi.<div id=\"videoincontent\" style=\"clear:both\";><\/div><\/p>\n\n\n\n<p>Anche i sindacati di categoria, che ben conoscono l&#8217;argomento, si sono espressi in tal senso e hanno pure fatto presente, proprio in funzione dell&#8217;avvio dei lavori di costruzione del ponte sullo Stretto, la necessit\u00e0 di potenziare gli organici del comando per consentire l&#8217;apertura anche di una sede a Nord della citt\u00e0 con presenza di VVFF, Polizia di Stato, 118 e Protezione civile per garantire una maggiore presenza in citt\u00e0.<\/p>\n\n\n\n<p>Stando cos\u00ec le cose -prosegue Villari- dopo un anno di inspiegabile silenzio del sindaco Basile, a questo punto pretendiamo un impegno ben preciso. La struttura stessa della nostra citt\u00e0 rende necessario la riclassificazione del Comando Provinciale Metropolitano e con essa un adeguato potenziamento degli organici tale da consentire l&#8217;apertura di due distaccamenti a Nord e Sud della citt\u00e0 per garantire la sicurezza dei residenti in caso di incendio, incidenti stradali o di altre calamit\u00e0. Continuare a ignorare questa richiesta peser\u00e0 sulla coscienza dell&#8217;amministrazione di Palazzo Zanca nel caso in cui si verificassero danni alla popolazione proprio a causa della mancata attivazione dei distaccamenti dei Vigili del Fuoco\u201d.<\/p>\n","protected":false},"excerpt":{"rendered":"<p>Un anno fa la richiesta all&#8217;Amministrazione Basile di farsi portavoce con il ministero dell&#8217;Interno per l&#8217;attivazione di un distaccamento dei Vigili del fuoco nella zona Sud. Dopo 12 mesi, l&#8217;esecutivo non ha ancora dato seguito all&#8217;ordine del giorno presentato dal capogruppo di Prima l&#8217;Italia Giuseppe Villari con il collega Raffaele Rinaldo. Nel corso del Consiglio [&hellip;]<\/p>\n","protected":false},"author":4,"featured_media":45122,"comment_status":"open","ping_status":"open","sticky":false,"template":"","format":"standard","meta":{"ub_ctt_via":"","_mi_skip_tracking":false},"categories":[5],"tags":[9528,8225],"featured_image_src":"https:\/\/www.messinaoggi.it\/website\/wp-content\/uploads\/2020\/06\/48E357C6-6A75-462B-B9C3-4F03FCF0615F.jpeg","author_info":{"display_name":"redme","author_link":"https:\/\/www.messinaoggi.it\/website\/author\/redme\/"},"digistream_id":0,"digistream":false,"_links":{"self":[{"href":"https:\/\/www.messinaoggi.it\/website\/wp-json\/wp\/v2\/posts\/186347"}],"collection":[{"href":"https:\/\/www.messinaoggi.it\/website\/wp-json\/wp\/v2\/posts"}],"about":[{"href":"https:\/\/www.messinaoggi.it\/website\/wp-json\/wp\/v2\/types\/post"}],"author":[{"embeddable":true,"href":"https:\/\/www.messinaoggi.it\/website\/wp-json\/wp\/v2\/users\/4"}],"replies":[{"embeddable":true,"href":"https:\/\/www.messinaoggi.it\/website\/wp-json\/wp\/v2\/comments?post=186347"}],"version-history":[{"count":2,"href":"https:\/\/www.messinaoggi.it\/website\/wp-json\/wp\/v2\/posts\/186347\/revisions"}],"predecessor-version":[{"id":186349,"href":"https:\/\/www.messinaoggi.it\/website\/wp-json\/wp\/v2\/posts\/186347\/revisions\/186349"}],"wp:featuredmedia":[{"embeddable":true,"href":"https:\/\/www.messinaoggi.it\/website\/wp-json\/wp\/v2\/media\/45122"}],"wp:attachment":[{"href":"https:\/\/www.messinaoggi.it\/website\/wp-json\/wp\/v2\/media?parent=186347"}],"wp:term":[{"taxonomy":"category","embeddable":true,"href":"https:\/\/www.messinaoggi.it\/website\/wp-json\/wp\/v2\/categories?post=186347"},{"taxonomy":"post_tag","embeddable":true,"href":"https:\/\/www.messinaoggi.it\/website\/wp-json\/wp\/v2\/tags?post=186347"}],"curies":[{"name":"wp","href":"https:\/\/api.w.org\/{rel}","templated":true}]}}