{"id":18632,"date":"2018-04-26T13:05:40","date_gmt":"2018-04-26T11:05:40","guid":{"rendered":"http:\/\/www.messinaoggi.it\/website\/?p=18632"},"modified":"2018-04-26T13:05:40","modified_gmt":"2018-04-26T11:05:40","slug":"vinicio-capossela-torna-in-sicilia-con-il-suo-nuovo-tour-dal-titolo-orcaestra","status":"publish","type":"post","link":"https:\/\/www.messinaoggi.it\/website\/2018\/04\/26\/vinicio-capossela-torna-in-sicilia-con-il-suo-nuovo-tour-dal-titolo-orcaestra\/","title":{"rendered":"Vinicio Capossela torna in Sicilia con il suo nuovo tour dal titolo Orcaestra"},"content":{"rendered":"<p>Il cantautore polistrumentista Vinicio Capossela torna in Sicilia per presentare la sua ultima fatica discografica dal titolo Orcaestra, dal quale prende il nome anche il tour sinfonico che partir\u00e0 il 7 luglio all\u2019Arena del Teatro Sociale di Como in occasione di Festival Como Citt\u00e0 della Musica, con la staffetta della Filarmonica Arturo Toscanini, che poi passer\u00e0 il testimone all\u2019Orchestra del Teatro Massimo di Palermo, dirette in entrambi i casi da Stefano Nanni.<br \/>\n<img loading=\"lazy\" class=\"alignnone size-medium wp-image-18634\" src=\"http:\/\/www.messinaoggi.it\/website\/wp-content\/uploads\/2018\/04\/Capossela-Orcaestra-Palermo-A4-bianco-212x300.jpg\" alt=\"\" width=\"212\" height=\"300\" \/><br \/>\nSeguir\u00e0 il 12 al Teatro Verdura di Palermo e il 14 al Teatro Antico di Taormina. E dopo la parentesi siciliana il tour proseguir\u00e0 in giro per l\u2019Italia: il 17 luglio al Teatro Il Maggiore di Verbania in occasione di Stresa Festival, il 21 luglio all\u2019 Anfiteatro del Vittoriale al Gardone Riviera (BS) in occasione del Festival Tener-a-Mente, il 24 luglio allo Sferisterio di Macerata in occasione di Macerata Opera Festival, il 28 luglio a Villa Bertelli a Forte dei Marmi (LU) in occasione del Festival Villa Bertelli, il 31 luglio in Piazza Duomo a San Gimignano (SI) in occasione di Skyline &#8211; San Gimignano Festival ed infine il 4 agosto a Rimini, presso la Nuova Darsena.<br \/>\nAl pari dei grandi animali marini, \u00a0Orcaestra\u00a0 \u00e8 un lavoro immenso, di grande portata musicale, in grado di produrre richiami mnemonici, smisurata creatura onnivora, inghiotte canti, li eleva e li risputa in forma di odissea orchestrale per canzoni, l\u2019odissea pi\u00f9 che venticinquennale di Vinicio Capossela, un artificiere delle parole in musica.<br \/>\nLa musica di Vinicio Capossela con la sua variet\u00e0 timbrica e la complessit\u00e0 armonica si \u00e8 sempre prestata a organici strumentali inconsueti e partiture che hanno beneficiato di grandi penne dell\u2019arrangiamento. Unita all\u2019orchestra sinfonica si dilata, si fa labirinto, le parole si perdono tra ottoni, fiati e violini in un affascinante percorso musicale.<br \/>\nQueste le premesse per un\u2019estate che sar\u00e0 cavalcata dalla grande musica italiana.<div id=\"div-gpt-ad-Messinaoggi.it-DSK-300x250-corpoart\" style=\"text-align:center;margin:0 auto;\"><\/div><\/p>\n<div id=\"videoincontent\" style=\"clear:both\";><\/div>","protected":false},"excerpt":{"rendered":"<p>Il cantautore polistrumentista Vinicio Capossela torna in Sicilia per presentare la sua ultima fatica discografica dal titolo Orcaestra, dal quale prende il nome anche il tour sinfonico che partir\u00e0 il 7 luglio all\u2019Arena del Teatro Sociale di Como in occasione di Festival Como Citt\u00e0 della Musica, con la staffetta della Filarmonica Arturo Toscanini, che poi [&hellip;]<\/p>\n","protected":false},"author":5,"featured_media":18633,"comment_status":"closed","ping_status":"open","sticky":false,"template":"","format":"standard","meta":{"ub_ctt_via":"","_mi_skip_tracking":false},"categories":[17],"tags":[],"featured_image_src":"https:\/\/www.messinaoggi.it\/website\/wp-content\/uploads\/2018\/04\/Vinicio-Capossela_Orcaestra_-Foto-di-Valerio-Spada-b-1.jpg","author_info":{"display_name":"Maria Antonella Saia","author_link":"https:\/\/www.messinaoggi.it\/website\/author\/m-saia\/"},"digistream_id":0,"digistream":false,"_links":{"self":[{"href":"https:\/\/www.messinaoggi.it\/website\/wp-json\/wp\/v2\/posts\/18632"}],"collection":[{"href":"https:\/\/www.messinaoggi.it\/website\/wp-json\/wp\/v2\/posts"}],"about":[{"href":"https:\/\/www.messinaoggi.it\/website\/wp-json\/wp\/v2\/types\/post"}],"author":[{"embeddable":true,"href":"https:\/\/www.messinaoggi.it\/website\/wp-json\/wp\/v2\/users\/5"}],"replies":[{"embeddable":true,"href":"https:\/\/www.messinaoggi.it\/website\/wp-json\/wp\/v2\/comments?post=18632"}],"version-history":[{"count":0,"href":"https:\/\/www.messinaoggi.it\/website\/wp-json\/wp\/v2\/posts\/18632\/revisions"}],"wp:featuredmedia":[{"embeddable":true,"href":"https:\/\/www.messinaoggi.it\/website\/wp-json\/wp\/v2\/media\/18633"}],"wp:attachment":[{"href":"https:\/\/www.messinaoggi.it\/website\/wp-json\/wp\/v2\/media?parent=18632"}],"wp:term":[{"taxonomy":"category","embeddable":true,"href":"https:\/\/www.messinaoggi.it\/website\/wp-json\/wp\/v2\/categories?post=18632"},{"taxonomy":"post_tag","embeddable":true,"href":"https:\/\/www.messinaoggi.it\/website\/wp-json\/wp\/v2\/tags?post=18632"}],"curies":[{"name":"wp","href":"https:\/\/api.w.org\/{rel}","templated":true}]}}