{"id":18624,"date":"2018-04-26T09:54:32","date_gmt":"2018-04-26T07:54:32","guid":{"rendered":"http:\/\/www.messinaoggi.it\/website\/?p=18624"},"modified":"2018-04-26T09:54:32","modified_gmt":"2018-04-26T07:54:32","slug":"bart-un-cucciolone-in-cerca-damore","status":"publish","type":"post","link":"https:\/\/www.messinaoggi.it\/website\/2018\/04\/26\/bart-un-cucciolone-in-cerca-damore\/","title":{"rendered":"Bart, un cucciolone in cerca d&#039;amore"},"content":{"rendered":"<p>La stagione estiva \u00e8\u00a0 alle porte, e con l\u2019estate arriva anche l\u2019emergenza abbandono degli animali,\u00a0 in special modo di cani . Ed \u00e8 proprio di un abbandono\u00a0 che parla questa storia. Lui \u00e8 un meticcio, poco pi\u00f9 che un tenero cucciolone. \u00a0Il \u00a0\u00a0suo nome \u00e8 Bart, vive in una villetta disabitata a Barcellona Pozzo di Gotto e ha due anni.<br \/>\nLa \u00a0sua storia \u00e8 simile a quella di molti altri cani, ma anche differente sotto certi aspetti, poich\u00e9, cos\u00ec come per gli uomini, non tutti i cani sono uguali. Ci sono cani che pur desiderando il contatto umano riescono a bastare a loro stessi. Ma non \u00e8 questo il caso di Bart.<br \/>\n<img loading=\"lazy\" class=\"alignnone size-medium wp-image-18625\" src=\"http:\/\/www.messinaoggi.it\/website\/wp-content\/uploads\/2018\/04\/Bart-2-169x300.jpg\" alt=\"\" width=\"169\" height=\"300\" \/><br \/>\nBart \u00e8 stato abbandonato\u00a0 alla tenera et\u00e0 di 4\/5 mesi e da quel momento ha vissuto un\u2019infanzia di stenti, alla costante ricerca di \u00a0rifugi sotto i ponti della stazione ferroviaria, o nei luoghi circostanti, \u00a0senza per\u00f2 venire meno alla sua crescente curiosit\u00e0,\u00a0 sempre in cerca di nuove avventure.\u00a0 E cos\u00ec, come spesso accade, avventura dopo avventura, Bart viene investito e arriva in clinica, in gravi condizioni.<br \/>\nRimessosi in forma \u00a0cominciarono ad arrivare\u00a0 le prime richieste di affidamento ma,\u00a0 come spesso accade nei casi di adozione per bambini, anche per lui non\u00a0 c\u2019\u00e8 stato\u00a0 un lieto fine, e cosi il buon cucciolone vive ancora sotto la tutela\u00a0\u00a0 di un\u2019associazione di volontariato cinofila.<br \/>\nMolto spesso si fa una netta \u00a0distinzione\u00a0 tra genere umano e genere animale, ma non esiste niente di pi\u00f9 sbagliato perch\u00e9, \u00a0in quanto entrambi \u00a0esseri viventi, \u00a0hanno gli stessi diritti e gli stessi doveri.<br \/>\nE cos\u00ec Bart, allo stesso modo di\u00a0 ogni essere umano, ha diritto ad essere amato, accudito e difeso; in cambio lui\u00a0 vi\u00a0 far\u00e0\u00a0 il pi\u00f9 bel regalo che si possa ricevere; un amore\u00a0 smisurato.<br \/>\nIl piccolo Bart non\u00a0 aspetta altro che di trovare una famiglia che sappia amarlo come merita e tornare nuovamente a sorridere alla vita.<br \/>\nPer ricevere ulteriori notizie rivolgersi a: Associazione Amici degli Animali Barcellona \u2013 Milazzo.<br \/>\n<u>\u00a0<\/u><br \/>\n <div id=\"div-gpt-ad-Messinaoggi.it-DSK-300x250-corpoart\" style=\"text-align:center;margin:0 auto;\"><\/div><\/p>\n<div id=\"videoincontent\" style=\"clear:both\";><\/div>","protected":false},"excerpt":{"rendered":"<p>La stagione estiva \u00e8\u00a0 alle porte, e con l\u2019estate arriva anche l\u2019emergenza abbandono degli animali,\u00a0 in special modo di cani . Ed \u00e8 proprio di un abbandono\u00a0 che parla questa storia. Lui \u00e8 un meticcio, poco pi\u00f9 che un tenero cucciolone. \u00a0Il \u00a0\u00a0suo nome \u00e8 Bart, vive in una villetta disabitata a Barcellona Pozzo di [&hellip;]<\/p>\n","protected":false},"author":5,"featured_media":18626,"comment_status":"closed","ping_status":"open","sticky":false,"template":"","format":"standard","meta":{"ub_ctt_via":"","_mi_skip_tracking":false},"categories":[16],"tags":[],"featured_image_src":"https:\/\/www.messinaoggi.it\/website\/wp-content\/uploads\/2018\/04\/Bart1-1.jpg","author_info":{"display_name":"Maria Antonella Saia","author_link":"https:\/\/www.messinaoggi.it\/website\/author\/m-saia\/"},"digistream_id":0,"digistream":false,"_links":{"self":[{"href":"https:\/\/www.messinaoggi.it\/website\/wp-json\/wp\/v2\/posts\/18624"}],"collection":[{"href":"https:\/\/www.messinaoggi.it\/website\/wp-json\/wp\/v2\/posts"}],"about":[{"href":"https:\/\/www.messinaoggi.it\/website\/wp-json\/wp\/v2\/types\/post"}],"author":[{"embeddable":true,"href":"https:\/\/www.messinaoggi.it\/website\/wp-json\/wp\/v2\/users\/5"}],"replies":[{"embeddable":true,"href":"https:\/\/www.messinaoggi.it\/website\/wp-json\/wp\/v2\/comments?post=18624"}],"version-history":[{"count":0,"href":"https:\/\/www.messinaoggi.it\/website\/wp-json\/wp\/v2\/posts\/18624\/revisions"}],"wp:featuredmedia":[{"embeddable":true,"href":"https:\/\/www.messinaoggi.it\/website\/wp-json\/wp\/v2\/media\/18626"}],"wp:attachment":[{"href":"https:\/\/www.messinaoggi.it\/website\/wp-json\/wp\/v2\/media?parent=18624"}],"wp:term":[{"taxonomy":"category","embeddable":true,"href":"https:\/\/www.messinaoggi.it\/website\/wp-json\/wp\/v2\/categories?post=18624"},{"taxonomy":"post_tag","embeddable":true,"href":"https:\/\/www.messinaoggi.it\/website\/wp-json\/wp\/v2\/tags?post=18624"}],"curies":[{"name":"wp","href":"https:\/\/api.w.org\/{rel}","templated":true}]}}