{"id":186213,"date":"2024-02-06T10:15:24","date_gmt":"2024-02-06T09:15:24","guid":{"rendered":"http:\/\/www.messinaoggi.it\/website\/?p=186213"},"modified":"2024-02-06T10:15:26","modified_gmt":"2024-02-06T09:15:26","slug":"leanza-no-a-medici-stranieri-in-sicilia","status":"publish","type":"post","link":"https:\/\/www.messinaoggi.it\/website\/2024\/02\/06\/leanza-no-a-medici-stranieri-in-sicilia\/","title":{"rendered":"Leanza: &#8220;No a medici stranieri in Sicilia&#8221;"},"content":{"rendered":"\n<p>Il deputato regionale Calogero Leanza esprime il suo dissenso per l&#8217;iniziativa della Regione Sicilia di reclutare 16 medici stranieri, provenienti da diversi Paesi, per potenziare l&#8217;offerta assistenziale nelle aree pi\u00f9 bisognose di personale sanitario.<div id=\"div-gpt-ad-Messinaoggi.it-DSK-300x250-corpoart\" style=\"text-align:center;margin:0 auto;\"><\/div><\/p>\n\n\n\n<p>\u201cSi tratta di una misura che certifica il fallimento del sistema, l&#8217;incapacit\u00e0 e l&#8217;irresponsabilit\u00e0 della politica nel gestire il diritto alla salute dei siciliani, soprattutto in un momento di emergenza sanitaria come quello che stiamo vivendo.\u201d<div id=\"videoincontent\" style=\"clear:both\";><\/div><\/p>\n\n\n\n<p>Leanza ricorda, infatti, che la carenza di medici in Sicilia \u00e8 dovuta alla carenza di medici ed infermieri, conseguenza del numero chiuso imposto dallo Stato per l&#8217;accesso alle facolt\u00e0 di Medicina e Chirurgia e delle professioni sanitarie, del distorto meccanismo per l\u2019assegnazione delle borse di specializzazione e dalla situazione critica delle strutture ospedaliere.<\/p>\n\n\n\n<p>\u201cNulla contro le professionalit\u00e0 straniere, per carit\u00e0, ma non \u00e8 possibile esultare per questo. Perch\u00e9, invece, non uniamo le forze per giungere all\u2019approvazione al parlamento nazionale del disegno di legge, di cui io sono stato promotore e primo firmatario, che prevede l\u2019abolizione del numero chiuso? Siamo gi\u00e0 in ritardo. Rischiamo il collasso del sistema.\u201d.<\/p>\n","protected":false},"excerpt":{"rendered":"<p>Il deputato regionale Calogero Leanza esprime il suo dissenso per l&#8217;iniziativa della Regione Sicilia di reclutare 16 medici stranieri, provenienti da diversi Paesi, per potenziare l&#8217;offerta assistenziale nelle aree pi\u00f9 bisognose di personale sanitario. \u201cSi tratta di una misura che certifica il fallimento del sistema, l&#8217;incapacit\u00e0 e l&#8217;irresponsabilit\u00e0 della politica nel gestire il diritto alla [&hellip;]<\/p>\n","protected":false},"author":2,"featured_media":184537,"comment_status":"open","ping_status":"open","sticky":false,"template":"","format":"standard","meta":{"ub_ctt_via":"","_mi_skip_tracking":false},"categories":[6],"tags":[3300,9525,610],"featured_image_src":"https:\/\/www.messinaoggi.it\/website\/wp-content\/uploads\/2024\/01\/Calogero-Leanza.jpg","author_info":{"display_name":"Redazione","author_link":"https:\/\/www.messinaoggi.it\/website\/author\/redazione\/"},"digistream_id":0,"digistream":false,"_links":{"self":[{"href":"https:\/\/www.messinaoggi.it\/website\/wp-json\/wp\/v2\/posts\/186213"}],"collection":[{"href":"https:\/\/www.messinaoggi.it\/website\/wp-json\/wp\/v2\/posts"}],"about":[{"href":"https:\/\/www.messinaoggi.it\/website\/wp-json\/wp\/v2\/types\/post"}],"author":[{"embeddable":true,"href":"https:\/\/www.messinaoggi.it\/website\/wp-json\/wp\/v2\/users\/2"}],"replies":[{"embeddable":true,"href":"https:\/\/www.messinaoggi.it\/website\/wp-json\/wp\/v2\/comments?post=186213"}],"version-history":[{"count":1,"href":"https:\/\/www.messinaoggi.it\/website\/wp-json\/wp\/v2\/posts\/186213\/revisions"}],"predecessor-version":[{"id":186214,"href":"https:\/\/www.messinaoggi.it\/website\/wp-json\/wp\/v2\/posts\/186213\/revisions\/186214"}],"wp:featuredmedia":[{"embeddable":true,"href":"https:\/\/www.messinaoggi.it\/website\/wp-json\/wp\/v2\/media\/184537"}],"wp:attachment":[{"href":"https:\/\/www.messinaoggi.it\/website\/wp-json\/wp\/v2\/media?parent=186213"}],"wp:term":[{"taxonomy":"category","embeddable":true,"href":"https:\/\/www.messinaoggi.it\/website\/wp-json\/wp\/v2\/categories?post=186213"},{"taxonomy":"post_tag","embeddable":true,"href":"https:\/\/www.messinaoggi.it\/website\/wp-json\/wp\/v2\/tags?post=186213"}],"curies":[{"name":"wp","href":"https:\/\/api.w.org\/{rel}","templated":true}]}}