{"id":186210,"date":"2024-02-06T10:13:47","date_gmt":"2024-02-06T09:13:47","guid":{"rendered":"http:\/\/www.messinaoggi.it\/website\/?p=186210"},"modified":"2024-02-06T10:13:48","modified_gmt":"2024-02-06T09:13:48","slug":"costituito-centro-per-lo-sviluppo-del-turismo-culturale","status":"publish","type":"post","link":"https:\/\/www.messinaoggi.it\/website\/2024\/02\/06\/costituito-centro-per-lo-sviluppo-del-turismo-culturale\/","title":{"rendered":"Costituito &#8220;Centro per lo sviluppo del turismo culturale&#8221;"},"content":{"rendered":"\n<p>Su iniziativa del Messina Tourism Bureau \u2013 Centro per lo Sviluppo del Turismo Culturale per la Sicilia, che avr\u00e0 il ruolo di coordinamento, \u00e8 stata costituita la Rete Metropolitana dei Comuni per il Turismo delle Radici, finalizzata a cogliere le opportunit\u00e0 e a realizzare una serie di iniziative nel quadro del \u201c2024 \u2013 Anno delle radici italiane nel mondo\u201d.Alla Rete, lanciata gi\u00e0 nel 2023 con una serie di incontri, hanno gi\u00e0 formalmente aderito i Comuni di Antillo, Basic\u00f2, Casalvecchio Siculo, Ficarra, Francavilla di Sicilia, Graniti, Montagnareale, Mistretta, Oliveri, Piraino, Raccuja, Roccafiorita, Sant\u2019Angelo di Brolo, San Marco d\u2019Alunzio mentre altri hanno gi\u00e0 manifestato l&#8217;interesse ad aggregarsi al gruppo esistente.L&#8217;obiettivo dichiarato \u00e8 quello di sensibilizzare le comunit\u00e0 locali sul tema dell\u2019emigrazione italiana e di creare sui territori un\u2019offerta turistica mirata e integrata rivolta ai viaggiatori delle radici. L&#8217;iniziativa, curata dal presidente del MTB Gaetano Majolino e dal vice presidente Filippo Grasso, ha gi\u00e0 messo in campo attivit\u00e0 di supporto a favore di dieci Comuni della Rete per la partecipazione al \u201cbando per la realizzazione di attivit\u00e0 culturali in favore degli italo-discendenti nel mondo da attuare in occasione del 2024 \u2013 anno delle radici italiane\u201d, indetto dal Ministero degli Affari Esteri.<div id=\"div-gpt-ad-Messinaoggi.it-DSK-300x250-corpoart\" style=\"text-align:center;margin:0 auto;\"><\/div><\/p>\n<div id=\"videoincontent\" style=\"clear:both\";><\/div>","protected":false},"excerpt":{"rendered":"<p>Su iniziativa del Messina Tourism Bureau \u2013 Centro per lo Sviluppo del Turismo Culturale per la Sicilia, che avr\u00e0 il ruolo di coordinamento, \u00e8 stata costituita la Rete Metropolitana dei Comuni per il Turismo delle Radici, finalizzata a cogliere le opportunit\u00e0 e a realizzare una serie di iniziative nel quadro del \u201c2024 \u2013 Anno delle [&hellip;]<\/p>\n","protected":false},"author":2,"featured_media":10351,"comment_status":"open","ping_status":"open","sticky":false,"template":"","format":"standard","meta":{"ub_ctt_via":"","_mi_skip_tracking":false},"categories":[5],"tags":[602,9524],"featured_image_src":"https:\/\/www.messinaoggi.it\/website\/wp-content\/uploads\/2017\/10\/palazzo-della-provincia-di-messinaRRP_1717.jpg","author_info":{"display_name":"Redazione","author_link":"https:\/\/www.messinaoggi.it\/website\/author\/redazione\/"},"digistream_id":0,"digistream":false,"_links":{"self":[{"href":"https:\/\/www.messinaoggi.it\/website\/wp-json\/wp\/v2\/posts\/186210"}],"collection":[{"href":"https:\/\/www.messinaoggi.it\/website\/wp-json\/wp\/v2\/posts"}],"about":[{"href":"https:\/\/www.messinaoggi.it\/website\/wp-json\/wp\/v2\/types\/post"}],"author":[{"embeddable":true,"href":"https:\/\/www.messinaoggi.it\/website\/wp-json\/wp\/v2\/users\/2"}],"replies":[{"embeddable":true,"href":"https:\/\/www.messinaoggi.it\/website\/wp-json\/wp\/v2\/comments?post=186210"}],"version-history":[{"count":1,"href":"https:\/\/www.messinaoggi.it\/website\/wp-json\/wp\/v2\/posts\/186210\/revisions"}],"predecessor-version":[{"id":186211,"href":"https:\/\/www.messinaoggi.it\/website\/wp-json\/wp\/v2\/posts\/186210\/revisions\/186211"}],"wp:featuredmedia":[{"embeddable":true,"href":"https:\/\/www.messinaoggi.it\/website\/wp-json\/wp\/v2\/media\/10351"}],"wp:attachment":[{"href":"https:\/\/www.messinaoggi.it\/website\/wp-json\/wp\/v2\/media?parent=186210"}],"wp:term":[{"taxonomy":"category","embeddable":true,"href":"https:\/\/www.messinaoggi.it\/website\/wp-json\/wp\/v2\/categories?post=186210"},{"taxonomy":"post_tag","embeddable":true,"href":"https:\/\/www.messinaoggi.it\/website\/wp-json\/wp\/v2\/tags?post=186210"}],"curies":[{"name":"wp","href":"https:\/\/api.w.org\/{rel}","templated":true}]}}