{"id":186148,"date":"2024-02-05T18:08:02","date_gmt":"2024-02-05T17:08:02","guid":{"rendered":"https:\/\/www.messinaoggi.it\/website\/2024\/02\/05\/sanremo-amadeus-i-trattori-se-vengono-li-faccio-salire-sul-palco\/"},"modified":"2024-02-05T18:08:02","modified_gmt":"2024-02-05T17:08:02","slug":"sanremo-amadeus-i-trattori-se-vengono-li-faccio-salire-sul-palco","status":"publish","type":"post","link":"https:\/\/www.messinaoggi.it\/website\/2024\/02\/05\/sanremo-amadeus-i-trattori-se-vengono-li-faccio-salire-sul-palco\/","title":{"rendered":"Sanremo, Amadeus \u201cI trattori? Se vengono li faccio salire sul palco\u201d"},"content":{"rendered":"<div>MILANO (ITALPRESS) &#8211; &#8220;I trattori? Se vengono li faccio salire sul palco&#8221;, ha detto Amadeus in conferenza stampa rispondendo agli agricoltori che vorrebbero portare la loro protesta anche sul palco dell&#8217;Ariston. &#8220;Nessuno dei trattori mi ha contattato e non so assolutamente nulla&#8221;, ha aggiunto, &#8220;ma la ritengo una protesta giusta e sacrosanta per il diritto al lavoro&#8221;. A intervenire a modo suo anche Fiorello: &#8220;Lo sai s\u00ec, chi sar\u00e0 il primo della fila? Al Bano&#8221;. Pi\u00f9 seriamente, poi, a fine conferenza lo showman ha aggiunto: &#8220;Credo sia giusto ospitare almeno due rappresentanti della categoria sul palco. Il problema \u00e8 importante e anche grave e bisogna intervenire&#8221;. <div id=\"div-gpt-ad-Messinaoggi.it-DSK-300x250-corpoart\" style=\"text-align:center;margin:0 auto;\"><\/div><\/p>\n<p>Foto: Agenzia Fotogramma<div id=\"videoincontent\" style=\"clear:both\";><\/div><\/p>\n<p>(ITALPRESS).<\/p><\/div>\n","protected":false},"excerpt":{"rendered":"<p>MILANO (ITALPRESS) &#8211; &#8220;I trattori? Se vengono li faccio salire sul palco&#8221;, ha detto Amadeus in conferenza stampa rispondendo agli agricoltori che vorrebbero portare la loro protesta anche sul palco dell&#8217;Ariston. &#8220;Nessuno dei trattori mi ha contattato e non so assolutamente nulla&#8221;, ha aggiunto, &#8220;ma la ritengo una protesta giusta e sacrosanta per il diritto [&hellip;]<\/p>\n","protected":false},"author":18,"featured_media":186149,"comment_status":"closed","ping_status":"closed","sticky":false,"template":"","format":"standard","meta":{"ub_ctt_via":"","_mi_skip_tracking":false},"categories":[446],"tags":[783],"featured_image_src":"https:\/\/www.messinaoggi.it\/website\/wp-content\/uploads\/2024\/02\/20240205_1074.jpg","author_info":{"display_name":"Admin","author_link":"https:\/\/www.messinaoggi.it\/website\/author\/admin\/"},"digistream_id":0,"digistream":false,"_links":{"self":[{"href":"https:\/\/www.messinaoggi.it\/website\/wp-json\/wp\/v2\/posts\/186148"}],"collection":[{"href":"https:\/\/www.messinaoggi.it\/website\/wp-json\/wp\/v2\/posts"}],"about":[{"href":"https:\/\/www.messinaoggi.it\/website\/wp-json\/wp\/v2\/types\/post"}],"author":[{"embeddable":true,"href":"https:\/\/www.messinaoggi.it\/website\/wp-json\/wp\/v2\/users\/18"}],"replies":[{"embeddable":true,"href":"https:\/\/www.messinaoggi.it\/website\/wp-json\/wp\/v2\/comments?post=186148"}],"version-history":[{"count":0,"href":"https:\/\/www.messinaoggi.it\/website\/wp-json\/wp\/v2\/posts\/186148\/revisions"}],"wp:featuredmedia":[{"embeddable":true,"href":"https:\/\/www.messinaoggi.it\/website\/wp-json\/wp\/v2\/media\/186149"}],"wp:attachment":[{"href":"https:\/\/www.messinaoggi.it\/website\/wp-json\/wp\/v2\/media?parent=186148"}],"wp:term":[{"taxonomy":"category","embeddable":true,"href":"https:\/\/www.messinaoggi.it\/website\/wp-json\/wp\/v2\/categories?post=186148"},{"taxonomy":"post_tag","embeddable":true,"href":"https:\/\/www.messinaoggi.it\/website\/wp-json\/wp\/v2\/tags?post=186148"}],"curies":[{"name":"wp","href":"https:\/\/api.w.org\/{rel}","templated":true}]}}